{"id":27804,"date":"2019-03-21T12:32:32","date_gmt":"2019-03-21T11:32:32","guid":{"rendered":"https:\/\/caravanrepair.eu\/geen-onderdeel-van-een-categorie\/opleiding-caravantechnicus-opleiding-caravanwand-schade-specialist\/"},"modified":"2026-06-29T18:45:49","modified_gmt":"2026-06-29T16:45:49","slug":"formation-de-technicien-de-caravane-formation-de-specialiste-en-dommages-aux-murs-de-caravane","status":"publish","type":"post","link":"https:\/\/caravanrepair.eu\/fr\/caravanrepair-nieuws\/opleiding-caravantechnicus-opleiding-caravanwand-schade-specialist\/","title":{"rendered":"Formation Technicien Caravane"},"content":{"rendered":"<div data-elementor-type=\"wp-post\" data-elementor-id=\"27804\" class=\"elementor elementor-27804\" data-elementor-post-type=\"post\">\n\t\t\t\t<div class=\"elementor-element elementor-element-77e27a0 e-flex e-con-boxed e-con e-parent\" data-id=\"77e27a0\" data-element_type=\"container\" data-e-type=\"container\" data-settings=\"{&quot;background_background&quot;:&quot;classic&quot;,&quot;shape_divider_bottom&quot;:&quot;waves&quot;}\">\n\t\t\t\t\t<div class=\"e-con-inner\">\n\t\t\t\t<div class=\"elementor-shape elementor-shape-bottom\" aria-hidden=\"true\" data-negative=\"false\">\n\t\t\t<svg xmlns=\"http:\/\/www.w3.org\/2000\/svg\" viewbox=\"0 0 1000 100\" preserveaspectratio=\"none\">\n\t<path class=\"elementor-shape-fill\" d=\"M421.9,6.5c22.6-2.5,51.5,0.4,75.5,5.3c23.6,4.9,70.9,23.5,100.5,35.7c75.8,32.2,133.7,44.5,192.6,49.7\tc23.6,2.1,48.7,3.5,103.4-2.5c54.7-6,106.2-25.6,106.2-25.6V0H0v30.3c0,0,72,32.6,158.4,30.5c39.2-0.7,92.8-6.7,134-22.4\tc21.2-8.1,52.2-18.2,79.7-24.2C399.3,7.9,411.6,7.5,421.9,6.5z\"\/>\n<\/svg>\t\t<\/div>\n\t\t<div class=\"elementor-element elementor-element-aa371de e-con-full e-flex e-con e-child\" data-id=\"aa371de\" data-element_type=\"container\" data-e-type=\"container\">\n\t\t\t\t<div class=\"elementor-element elementor-element-6152c03 elementor-widget__width-auto backdrop-blur elementor-icon-list--layout-traditional elementor-list-item-link-full_width elementor-widget elementor-widget-icon-list\" data-id=\"6152c03\" data-element_type=\"widget\" data-e-type=\"widget\" data-widget_type=\"icon-list.default\">\n\t\t\t\t<div class=\"elementor-widget-container\">\n\t\t\t\t\t\t\t<ul class=\"elementor-icon-list-items\">\n\t\t\t\t\t\t\t<li class=\"elementor-icon-list-item\">\n\t\t\t\t\t\t\t\t\t\t\t<span class=\"elementor-icon-list-icon\">\n\t\t\t\t\t\t\t<svg aria-hidden=\"true\" class=\"e-font-icon-svg e-fas-check-circle\" viewbox=\"0 0 512 512\" xmlns=\"http:\/\/www.w3.org\/2000\/svg\"><path d=\"M504 256c0 136.967-111.033 248-248 248S8 392.967 8 256 119.033 8 256 8s248 111.033 248 248zM227.314 387.314l184-184c6.248-6.248 6.248-16.379 0-22.627l-22.627-22.627c-6.248-6.249-16.379-6.249-22.628 0L216 308.118l-70.059-70.059c-6.248-6.248-16.379-6.248-22.628 0l-22.627 22.627c-6.248 6.248-6.248 16.379 0 22.627l104 104c6.249 6.249 16.379 6.249 22.628.001z\"><\/path><\/svg>\t\t\t\t\t\t<\/span>\n\t\t\t\t\t\t\t\t\t\t<span class=\"elementor-icon-list-text\">Actualit\u00e9s<\/span>\n\t\t\t\t\t\t\t\t\t<\/li>\n\t\t\t\t\t\t<\/ul>\n\t\t\t\t\t\t<\/div>\n\t\t\t\t<\/div>\n\t\t\t\t<div class=\"elementor-element elementor-element-2c95d88 elementor-widget elementor-widget-heading\" data-id=\"2c95d88\" data-element_type=\"widget\" data-e-type=\"widget\" data-widget_type=\"heading.default\">\n\t\t\t\t<div class=\"elementor-widget-container\">\n\t\t\t\t\t<h1 class=\"elementor-heading-title elementor-size-default\">Formation Technicien Caravane<\/h1>\t\t\t\t<\/div>\n\t\t\t\t<\/div>\n\t\t\t\t<div class=\"elementor-element elementor-element-59edc4b elementor-widget__width-initial elementor-widget elementor-widget-text-editor\" data-id=\"59edc4b\" data-element_type=\"widget\" data-e-type=\"widget\" data-widget_type=\"text-editor.default\">\n\t\t\t\t<div class=\"elementor-widget-container\">\n\t\t\t\t\t\t\t\t\t<p>Lisez cet article CaravanRepair sur la formation de technicien caravanier et la formation de sp\u00e9cialiste des dommages aux caravanes. Pour en savoir plus sur les possibilit\u00e9s de formation actuelles, consultez la page des formations.<\/p>\t\t\t\t\t\t\t\t<\/div>\n\t\t\t\t<\/div>\n\t\t\t\t<\/div>\n\t\t<div class=\"elementor-element elementor-element-32e90d1 e-con-full e-flex e-con e-child\" data-id=\"32e90d1\" data-element_type=\"container\" data-e-type=\"container\">\n\t\t\t\t<div class=\"elementor-element elementor-element-ac9dc30 elementor-widget elementor-widget-shortcode\" data-id=\"ac9dc30\" data-element_type=\"widget\" data-e-type=\"widget\" id=\"schadeformulier\" data-widget_type=\"shortcode.default\">\n\t\t\t\t<div class=\"elementor-widget-container\">\n\t\t\t\t\t\t\t<div class=\"elementor-shortcode\">\t\t<div data-elementor-type=\"container\" data-elementor-id=\"25032\" class=\"elementor elementor-25032\" data-elementor-post-type=\"elementor_library\">\n\t\t\t\t<div class=\"elementor-element elementor-element-1a854c38 e-con-full e-flex e-con e-child\" data-id=\"1a854c38\" data-element_type=\"container\" data-e-type=\"container\">\n\t\t<div class=\"elementor-element elementor-element-2cd1ed88 e-con-full overflow_hidden animated-fast e-flex e-con e-child\" data-id=\"2cd1ed88\" data-element_type=\"container\" data-e-type=\"container\" data-settings=\"{&quot;background_background&quot;:&quot;classic&quot;,&quot;animation&quot;:&quot;none&quot;}\">\n\t\t\t\t<div class=\"elementor-element elementor-element-3d939271 elementor-widget-divider--view-line elementor-widget elementor-widget-divider\" data-id=\"3d939271\" data-element_type=\"widget\" data-e-type=\"widget\" data-widget_type=\"divider.default\">\n\t\t\t\t<div class=\"elementor-widget-container\">\n\t\t\t\t\t\t\t<div class=\"elementor-divider\">\n\t\t\t<span class=\"elementor-divider-separator\">\n\t\t\t\t\t\t<\/span>\n\t\t<\/div>\n\t\t\t\t\t\t<\/div>\n\t\t\t\t<\/div>\n\t\t\t\t<div class=\"elementor-element elementor-element-23abe5fb elementor-widget elementor-widget-shortcode\" data-id=\"23abe5fb\" data-element_type=\"widget\" data-e-type=\"widget\" data-widget_type=\"shortcode.default\">\n\t\t\t\t<div class=\"elementor-widget-container\">\n\t\t\t\t\t\t\t<div class=\"elementor-shortcode\"><h6 class=\"elementor-heading-title elementor-size-default\" data-no-translation>SIGNALEZ UN DOMMAGE SANS ENGAGEMENT<\/h6><\/div>\n\t\t\t\t\t\t<\/div>\n\t\t\t\t<\/div>\n\t\t\t\t<div class=\"elementor-element elementor-element-655f6d37 elementor-widget elementor-widget-shortcode\" data-id=\"655f6d37\" data-element_type=\"widget\" data-e-type=\"widget\" data-widget_type=\"shortcode.default\">\n\t\t\t\t<div class=\"elementor-widget-container\">\n\t\t\t\t\t\t\t<div class=\"elementor-shortcode\"><div class=\"elementor-heading-title elementor-size-default\" data-no-translation>Remplissez ce formulaire de d\u00e9claration de dommage <strong>sans engagement<\/strong><br>(utilisez-le aussi pour un dommage d\u00e9j\u00e0 d\u00e9clar\u00e9)<\/div><\/div>\n\t\t\t\t\t\t<\/div>\n\t\t\t\t<\/div>\n\t\t\t\t<div class=\"elementor-element elementor-element-cr08b8286 elementor-widget elementor-widget-shortcode\" data-id=\"cr08b8286\" data-element_type=\"widget\" data-e-type=\"widget\" data-widget_type=\"shortcode.default\">\n\t\t\t\t<div class=\"elementor-widget-container\">\n\t\t\t\t\t\t\t<div class=\"elementor-shortcode\">    <form class=\"cr-damage-form cr-damage-form--compact\" data-no-translation novalidate action=\"\">\n        <input type=\"text\" name=\"website\" class=\"cr-damage-form__honeypot\" tabindex=\"-1\" autocomplete=\"off\">\n        <input type=\"hidden\" name=\"source_page\" value=\"https:\/\/caravanrepair.eu\/fr\/fr\/wp-json\/wp\/v2\/posts\/27804\">\n        <input type=\"hidden\" name=\"crdfm_language\" value=\"fr\">\n\n        <div class=\"cr-damage-form__panel is-active\" data-step-panel=\"1\">\n            <div class=\"cr-damage-form__grid\">\n                    <label class=\"cr-damage-form__field cr-damage-form__field--full\">\n        <span>nom *<\/span>\n        <input type=\"text\" name=\"name\" required autocomplete=\"name\" placeholder=\"Votre nom\">\n    <\/label>\n                        <label class=\"cr-damage-form__field\">\n        <span>code postal *<\/span>\n        <input type=\"text\" name=\"postcode\" required autocomplete=\"postal-code\" placeholder=\"code postal\">\n    <\/label>\n                        <label class=\"cr-damage-form__field\">\n        <span>ville *<\/span>\n        <input type=\"text\" name=\"place\" required autocomplete=\"address-level2\" placeholder=\"ville\">\n    <\/label>\n                        <label class=\"cr-damage-form__field\">\n        <span>num\u00e9ro de t\u00e9l\u00e9phone *<\/span>\n        <input type=\"tel\" name=\"phone\" required autocomplete=\"tel\" placeholder=\"num\u00e9ro de t\u00e9l\u00e9phone\">\n    <\/label>\n                        <label class=\"cr-damage-form__field\">\n        <span>adresse e-mail *<\/span>\n        <input type=\"email\" name=\"email\" required autocomplete=\"email\" placeholder=\"adresse e-mail\">\n    <\/label>\n                <\/div>\n        <\/div>\n\n        <div class=\"cr-damage-form__panel\" data-step-panel=\"2\">\n            <div class=\"cr-damage-form__grid\">\n                <label class=\"cr-damage-form__field\">\n                    <span>caravane ou camping-car *<\/span>\n                    <select name=\"vehicle_type\" required>\n                        <option value=\"\">Faites un choix<\/option>\n                        <option value=\"Caravan\">Caravane<\/option>\n                        <option value=\"Camper\">Camping-car<\/option>\n                    <\/select>\n                <\/label>\n                    <label class=\"cr-damage-form__field\">\n        <span>marque *<\/span>\n        <input type=\"text\" name=\"brand\" required placeholder=\"marque\">\n    <\/label>\n                        <label class=\"cr-damage-form__field\">\n        <span>mod\u00e8le \/ type *<\/span>\n        <input type=\"text\" name=\"model_type\" required placeholder=\"mod\u00e8le \/ type\">\n    <\/label>\n                        <label class=\"cr-damage-form__field\">\n        <span>ann\u00e9e de construction *<\/span>\n        <input type=\"number\" name=\"build_year\" required placeholder=\"ann\u00e9e de construction\" min=\"2002\" max=\"2027\" inputmode=\"numeric\" data-minimum-build-year=\"2002\">\n    <\/label>\n                    <p class=\"cr-damage-form__build-year-note cr-damage-form__field--full\" data-build-year-message>Les v\u00e9hicules de 25 ans ou plus ne peuvent pas \u00eatre d\u00e9clar\u00e9s via ce formulaire.<\/p>\n                <label class=\"cr-damage-form__field cr-damage-form__field--full\">\n                    <span>description du dommage *<\/span>\n                    <textarea name=\"damage_description\" rows=\"5\" required placeholder=\"D\u00e9crivez le dommage aussi pr\u00e9cis\u00e9ment que possible\"><\/textarea>\n                <\/label>\n            <\/div>\n        <\/div>\n\n        <div class=\"cr-damage-form__panel\" data-step-panel=\"3\">\n            <div class=\"cr-damage-form__upload\">\n                <label class=\"cr-damage-form__field cr-damage-form__field--full\">\n                    <span>Ajouter des photos<\/span>\n                    <input type=\"file\" name=\"photos\" accept=\"image\/*\" multiple>\n                <\/label>\n                <p class=\"cr-damage-form__help\">Des photos sont n\u00e9cessaires pour \u00e9valuer un dommage. Vous pouvez uniquement ignorer cette \u00e9tape si vous avez une question ou si le dommage a d\u00e9j\u00e0 \u00e9t\u00e9 d\u00e9clar\u00e9.<\/p>\n                <p class=\"cr-damage-form__files\" data-file-summary>Pas encore de photos s\u00e9lectionn\u00e9es<\/p>\n                <div class=\"cr-damage-form__preview\" data-preview><\/div>\n                <label class=\"cr-damage-form__photo-skip\">\n                    <input type=\"checkbox\" name=\"photos_waived\" value=\"1\" data-photo-waiver>\n                    <span>Je n\u2019ajoute pas de photos et je comprends qu\u2019elles sont n\u00e9cessaires \u00e0 l\u2019\u00e9valuation du dommage.<\/span>\n                <\/label>\n            <\/div>\n        <\/div>\n\n        <div class=\"cr-damage-form__steps\" aria-label=\"\u00c9tapes du formulaire\">\n            <div class=\"cr-damage-form__step is-active\" data-step-indicator=\"1\"><span>1<\/span><strong>Coordonn\u00e9es<\/strong><\/div>\n            <div class=\"cr-damage-form__step\" data-step-indicator=\"2\"><span>2<\/span><strong>V\u00e9hicule<\/strong><\/div>\n            <div class=\"cr-damage-form__step\" data-step-indicator=\"3\"><span>3<\/span><strong>Photos<\/strong><\/div>\n        <\/div>\n\n        <div class=\"cr-damage-form__status\" data-status aria-live=\"polite\"><\/div>\n\n        <div class=\"cr-damage-form__actions cr-damage-form__actions--single\" data-actions>\n            <button type=\"button\" class=\"cr-damage-form__button cr-damage-form__button--ghost\" data-prev-step hidden>Pr\u00e9c\u00e9dent<\/button>\n            <button type=\"button\" class=\"cr-damage-form__button cr-damage-form__button--primary\" data-next-step>Suivant<\/button>\n            <button type=\"submit\" class=\"cr-damage-form__button cr-damage-form__button--primary\" data-submit-button hidden>Envoyer<\/button>\n        <\/div>\n    <input type=\"hidden\" name=\"trp-form-language\" value=\"fr\"\/><\/form>\n    <\/div>\n\t\t\t\t\t\t<\/div>\n\t\t\t\t<\/div>\n\t\t\t\t<div class=\"elementor-element elementor-element-130121d8 elementor-icon-list--layout-inline elementor-align-center elementor-list-item-link-full_width elementor-widget elementor-widget-icon-list\" data-id=\"130121d8\" data-element_type=\"widget\" data-e-type=\"widget\" data-widget_type=\"icon-list.default\">\n\t\t\t\t<div class=\"elementor-widget-container\">\n\t\t\t\t\t\t\t<ul class=\"elementor-icon-list-items elementor-inline-items\">\n\t\t\t\t\t\t\t<li class=\"elementor-icon-list-item elementor-inline-item\">\n\t\t\t\t\t\t\t\t\t\t\t<span class=\"elementor-icon-list-icon\">\n\t\t\t\t\t\t\t<svg aria-hidden=\"true\" class=\"e-font-icon-svg e-fas-check-circle\" viewbox=\"0 0 512 512\" xmlns=\"http:\/\/www.w3.org\/2000\/svg\"><path d=\"M504 256c0 136.967-111.033 248-248 248S8 392.967 8 256 119.033 8 256 8s248 111.033 248 248zM227.314 387.314l184-184c6.248-6.248 6.248-16.379 0-22.627l-22.627-22.627c-6.248-6.249-16.379-6.249-22.628 0L216 308.118l-70.059-70.059c-6.248-6.248-16.379-6.248-22.628 0l-22.627 22.627c-6.248 6.248-6.248 16.379 0 22.627l104 104c6.249 6.249 16.379 6.249 22.628.001z\"><\/path><\/svg>\t\t\t\t\t\t<\/span>\n\t\t\t\t\t\t\t\t\t\t<span class=\"elementor-icon-list-text\">R\u00e9seau de concessionnaires certifi\u00e9s<\/span>\n\t\t\t\t\t\t\t\t\t<\/li>\n\t\t\t\t\t\t\t\t<li class=\"elementor-icon-list-item elementor-inline-item\">\n\t\t\t\t\t\t\t\t\t\t\t<span class=\"elementor-icon-list-icon\">\n\t\t\t\t\t\t\t<svg aria-hidden=\"true\" class=\"e-font-icon-svg e-fas-check-circle\" viewbox=\"0 0 512 512\" xmlns=\"http:\/\/www.w3.org\/2000\/svg\"><path d=\"M504 256c0 136.967-111.033 248-248 248S8 392.967 8 256 119.033 8 256 8s248 111.033 248 248zM227.314 387.314l184-184c6.248-6.248 6.248-16.379 0-22.627l-22.627-22.627c-6.248-6.249-16.379-6.249-22.628 0L216 308.118l-70.059-70.059c-6.248-6.248-16.379-6.248-22.628 0l-22.627 22.627c-6.248 6.248-6.248 16.379 0 22.627l104 104c6.249 6.249 16.379 6.249 22.628.001z\"><\/path><\/svg>\t\t\t\t\t\t<\/span>\n\t\t\t\t\t\t\t\t\t\t<span class=\"elementor-icon-list-text\">Plus de 25 ans d'exp\u00e9rience<\/span>\n\t\t\t\t\t\t\t\t\t<\/li>\n\t\t\t\t\t\t<\/ul>\n\t\t\t\t\t\t<\/div>\n\t\t\t\t<\/div>\n\t\t\t\t<\/div>\n\t\t\t\t<\/div>\n\t\t\t\t<\/div>\n\t\t<\/div>\n\t\t\t\t\t\t<\/div>\n\t\t\t\t<\/div>\n\t\t\t\t<\/div>\n\t\t\t\t\t<\/div>\n\t\t\t\t<\/div>\n\t\t<section class=\"elementor-element elementor-element-30df8e3 e-con-full e-flex e-con e-parent\" data-id=\"30df8e3\" data-element_type=\"container\" data-e-type=\"container\" data-settings=\"{&quot;background_background&quot;:&quot;classic&quot;}\">\n\t\t\t\t<div class=\"elementor-element elementor-element-5306f54 elementor-widget elementor-widget-shortcode\" data-id=\"5306f54\" data-element_type=\"widget\" data-e-type=\"widget\" data-widget_type=\"shortcode.default\">\n\t\t\t\t<div class=\"elementor-widget-container\">\n\t\t\t\t\t\t\t<div class=\"elementor-shortcode\">\t\t<div data-elementor-type=\"section\" data-elementor-id=\"25766\" class=\"elementor elementor-25766\" data-elementor-post-type=\"elementor_library\">\n\t\t\t<section class=\"elementor-element elementor-element-c11f18f e-con-full e-flex e-con e-parent\" data-id=\"c11f18f\" data-element_type=\"container\" data-e-type=\"container\" data-settings=\"{&quot;background_background&quot;:&quot;classic&quot;}\">\n\t\t<div class=\"elementor-element elementor-element-225d429c e-flex e-con-boxed e-con e-child\" data-id=\"225d429c\" data-element_type=\"container\" data-e-type=\"container\">\n\t\t\t\t\t<div class=\"e-con-inner\">\n\t\t<div class=\"elementor-element elementor-element-39ea0620 e-con-full e-flex e-con e-child\" data-id=\"39ea0620\" data-element_type=\"container\" data-e-type=\"container\">\n\t\t\t\t<div class=\"elementor-element elementor-element-7f34d566 elementor-nav-menu__align-center elementor-nav-menu--dropdown-none elementor-widget elementor-widget-nav-menu\" data-id=\"7f34d566\" data-element_type=\"widget\" data-e-type=\"widget\" data-settings=\"{&quot;layout&quot;:&quot;horizontal&quot;,&quot;submenu_icon&quot;:{&quot;value&quot;:&quot;&lt;svg aria-hidden=\\&quot;true\\&quot; class=\\&quot;e-font-icon-svg e-fas-caret-down\\&quot; viewBox=\\&quot;0 0 320 512\\&quot; xmlns=\\&quot;http:\\\/\\\/www.w3.org\\\/2000\\\/svg\\&quot;&gt;&lt;path d=\\&quot;M31.3 192h257.3c17.8 0 26.7 21.5 14.1 34.1L174.1 354.8c-7.8 7.8-20.5 7.8-28.3 0L17.2 226.1C4.6 213.5 13.5 192 31.3 192z\\&quot;&gt;&lt;\\\/path&gt;&lt;\\\/svg&gt;&quot;,&quot;library&quot;:&quot;fa-solid&quot;}}\" data-widget_type=\"nav-menu.default\">\n\t\t\t\t<div class=\"elementor-widget-container\">\n\t\t\t\t\t\t\t\t<nav aria-label=\"Menu\" class=\"elementor-nav-menu--main elementor-nav-menu__container elementor-nav-menu--layout-horizontal e--pointer-none\">\n\t\t\t\t<ul id=\"menu-1-7f34d566\" class=\"elementor-nav-menu\"><li class=\"menu-item menu-item-type-post_type menu-item-object-page menu-item-25761\"><a href=\"https:\/\/caravanrepair.eu\/fr\/caravan-schade\/\" class=\"elementor-item\">Dommages \u00e0 la caravane<\/a><\/li>\n<li class=\"menu-item menu-item-type-post_type menu-item-object-page menu-item-25760\"><a href=\"https:\/\/caravanrepair.eu\/fr\/camper-schade\/\" class=\"elementor-item\">Dommages au camping-car<\/a><\/li>\n<li class=\"menu-item menu-item-type-post_type menu-item-object-page menu-item-25725\"><a href=\"https:\/\/caravanrepair.eu\/fr\/raamschade\/\" class=\"elementor-item\">Dommages aux fen\u00eatres<\/a><\/li>\n<li class=\"menu-item menu-item-type-post_type menu-item-object-page menu-item-25726\"><a href=\"https:\/\/caravanrepair.eu\/fr\/schade-dak-dakluik\/\" class=\"elementor-item\">Dommages au toit<\/a><\/li>\n<li class=\"menu-item menu-item-type-post_type menu-item-object-page menu-item-25728\"><a href=\"https:\/\/caravanrepair.eu\/fr\/schade-deuken-hagel\/\" class=\"elementor-item\">d\u00e9g\u00e2ts de gr\u00eale<\/a><\/li>\n<li class=\"menu-item menu-item-type-post_type menu-item-object-page menu-item-25759\"><a href=\"https:\/\/caravanrepair.eu\/fr\/schade-vloer\/\" class=\"elementor-item\">Dommages au plancher<\/a><\/li>\n<li class=\"menu-item menu-item-type-post_type menu-item-object-page menu-item-26568\"><a href=\"https:\/\/caravanrepair.eu\/fr\/stormschade-caravan-camper\/\" class=\"elementor-item\">D\u00e9g\u00e2ts caus\u00e9s par la temp\u00eate<\/a><\/li>\n<li class=\"menu-item menu-item-type-post_type menu-item-object-page menu-item-26569\"><a href=\"https:\/\/caravanrepair.eu\/fr\/schade-lekkage-vocht\/\" class=\"elementor-item\">D\u00e9g\u00e2ts dus \u00e0 l'humidit\u00e9<\/a><\/li>\n<\/ul>\t\t\t<\/nav>\n\t\t\t\t\t\t<nav class=\"elementor-nav-menu--dropdown elementor-nav-menu__container\" aria-hidden=\"true\">\n\t\t\t\t<ul id=\"menu-2-7f34d566\" class=\"elementor-nav-menu\"><li class=\"menu-item menu-item-type-post_type menu-item-object-page menu-item-25761\"><a href=\"https:\/\/caravanrepair.eu\/fr\/caravan-schade\/\" class=\"elementor-item\" tabindex=\"-1\">Dommages \u00e0 la caravane<\/a><\/li>\n<li class=\"menu-item menu-item-type-post_type menu-item-object-page menu-item-25760\"><a href=\"https:\/\/caravanrepair.eu\/fr\/camper-schade\/\" class=\"elementor-item\" tabindex=\"-1\">Dommages au camping-car<\/a><\/li>\n<li class=\"menu-item menu-item-type-post_type menu-item-object-page menu-item-25725\"><a href=\"https:\/\/caravanrepair.eu\/fr\/raamschade\/\" class=\"elementor-item\" tabindex=\"-1\">Dommages aux fen\u00eatres<\/a><\/li>\n<li class=\"menu-item menu-item-type-post_type menu-item-object-page menu-item-25726\"><a href=\"https:\/\/caravanrepair.eu\/fr\/schade-dak-dakluik\/\" class=\"elementor-item\" tabindex=\"-1\">Dommages au toit<\/a><\/li>\n<li class=\"menu-item menu-item-type-post_type menu-item-object-page menu-item-25728\"><a href=\"https:\/\/caravanrepair.eu\/fr\/schade-deuken-hagel\/\" class=\"elementor-item\" tabindex=\"-1\">d\u00e9g\u00e2ts de gr\u00eale<\/a><\/li>\n<li class=\"menu-item menu-item-type-post_type menu-item-object-page menu-item-25759\"><a href=\"https:\/\/caravanrepair.eu\/fr\/schade-vloer\/\" class=\"elementor-item\" tabindex=\"-1\">Dommages au plancher<\/a><\/li>\n<li class=\"menu-item menu-item-type-post_type menu-item-object-page menu-item-26568\"><a href=\"https:\/\/caravanrepair.eu\/fr\/stormschade-caravan-camper\/\" class=\"elementor-item\" tabindex=\"-1\">D\u00e9g\u00e2ts caus\u00e9s par la temp\u00eate<\/a><\/li>\n<li class=\"menu-item menu-item-type-post_type menu-item-object-page menu-item-26569\"><a href=\"https:\/\/caravanrepair.eu\/fr\/schade-lekkage-vocht\/\" class=\"elementor-item\" tabindex=\"-1\">D\u00e9g\u00e2ts dus \u00e0 l'humidit\u00e9<\/a><\/li>\n<\/ul>\t\t\t<\/nav>\n\t\t\t\t\t\t<\/div>\n\t\t\t\t<\/div>\n\t\t\t\t<\/div>\n\t\t\t\t\t<\/div>\n\t\t\t\t<\/div>\n\t\t\t\t<\/section>\n\t\t\t\t<\/div>\n\t\t<\/div>\n\t\t\t\t\t\t<\/div>\n\t\t\t\t<\/div>\n\t\t\t\t<\/section>\n\t\t<section class=\"elementor-element elementor-element-c4b1174 e-con-boxed e-flex e-con e-parent\" data-id=\"c4b1174\" data-element_type=\"container\" data-e-type=\"container\" data-settings=\"{&quot;background_background&quot;:&quot;classic&quot;}\">\n\t\t\t\t\t<div class=\"e-con-inner\">\n\t\t<div class=\"elementor-element elementor-element-c102fa3 e-con-boxed e-flex e-con e-parent\" data-id=\"c102fa3\" data-element_type=\"container\" data-e-type=\"container\">\n\t\t\t\t\t<div class=\"e-con-inner\">\n\t\t<div class=\"elementor-element elementor-element-ce7d5a3 e-con-full e-flex e-con e-parent\" data-id=\"ce7d5a3\" data-element_type=\"container\" data-e-type=\"container\">\n\t\t\t\t<div class=\"elementor-element elementor-element-wbf5704 elementor-widget elementor-widget-image\" data-id=\"wbf5704\" data-element_type=\"widget\" data-e-type=\"widget\" data-widget_type=\"image.default\">\n\t\t\t\t<div class=\"elementor-widget-container\">\n\t\t\t\t\t\t\t\t\t\t\t\t\t\t\t<img fetchpriority=\"high\" decoding=\"async\" width=\"1200\" height=\"415\" src=\"https:\/\/caravanrepair.eu\/wp-content\/uploads\/2026\/06\/cr-blog-opleiding-caravantechnicus-opleiding-caravanwand-schade-specialist-featured-1-20260627.webp\" class=\"attachment-full size-full wp-image-27819\" alt=\"Formation technicien caravanes chez CaravanRepair\" srcset=\"https:\/\/caravanrepair.eu\/wp-content\/uploads\/2026\/06\/cr-blog-opleiding-caravantechnicus-opleiding-caravanwand-schade-specialist-featured-1-20260627.webp 1200w, https:\/\/caravanrepair.eu\/wp-content\/uploads\/2026\/06\/cr-blog-opleiding-caravantechnicus-opleiding-caravanwand-schade-specialist-featured-1-20260627-300x104.webp 300w, https:\/\/caravanrepair.eu\/wp-content\/uploads\/2026\/06\/cr-blog-opleiding-caravantechnicus-opleiding-caravanwand-schade-specialist-featured-1-20260627-1024x354.webp 1024w, https:\/\/caravanrepair.eu\/wp-content\/uploads\/2026\/06\/cr-blog-opleiding-caravantechnicus-opleiding-caravanwand-schade-specialist-featured-1-20260627-768x266.webp 768w, https:\/\/caravanrepair.eu\/wp-content\/uploads\/2026\/06\/cr-blog-opleiding-caravantechnicus-opleiding-caravanwand-schade-specialist-featured-1-20260627-18x6.webp 18w\" sizes=\"(max-width: 1200px) 100vw, 1200px\" \/>\t\t\t\t\t\t\t\t\t\t\t\t\t\t\t<\/div>\n\t\t\t\t<\/div>\n\t\t\t\t<div class=\"elementor-element elementor-element-w1f3cab elementor-widget elementor-widget-text-editor\" data-id=\"w1f3cab\" data-element_type=\"widget\" data-e-type=\"widget\" data-widget_type=\"text-editor.default\">\n\t\t\t\t<div class=\"elementor-widget-container\">\n\t\t\t\t\t\t\t\t\t<p>Suivez une formation de technicien caravane chez CaravanRepair\u00ae<\/p>\t\t\t\t\t\t\t\t<\/div>\n\t\t\t\t<\/div>\n\t\t\t\t<div class=\"elementor-element elementor-element-w879510 elementor-widget elementor-widget-text-editor\" data-id=\"w879510\" data-element_type=\"widget\" data-e-type=\"widget\" data-widget_type=\"text-editor.default\">\n\t\t\t\t<div class=\"elementor-widget-container\">\n\t\t\t\t\t\t\t\t\t<p>R\u00e9parer une caravane est quelque chose qui demande pas mal de travail.<\/p>\t\t\t\t\t\t\t\t<\/div>\n\t\t\t\t<\/div>\n\t\t\t\t<div class=\"elementor-element elementor-element-w88160d elementor-widget elementor-widget-image\" data-id=\"w88160d\" data-element_type=\"widget\" data-e-type=\"widget\" data-widget_type=\"image.default\">\n\t\t\t\t<div class=\"elementor-widget-container\">\n\t\t\t\t\t\t\t\t\t\t\t\t\t\t\t<img decoding=\"async\" width=\"1024\" height=\"765\" src=\"https:\/\/caravanrepair.eu\/wp-content\/uploads\/2026\/06\/cr-blog-opleiding-caravantechnicus-opleiding-caravanwand-schade-specialist-content-2-20260627.webp\" class=\"attachment-full size-full wp-image-27820\" alt=\"Centre de formation pour la formation de technicien caravane\" srcset=\"https:\/\/caravanrepair.eu\/wp-content\/uploads\/2026\/06\/cr-blog-opleiding-caravantechnicus-opleiding-caravanwand-schade-specialist-content-2-20260627.webp 1024w, https:\/\/caravanrepair.eu\/wp-content\/uploads\/2026\/06\/cr-blog-opleiding-caravantechnicus-opleiding-caravanwand-schade-specialist-content-2-20260627-300x224.webp 300w, https:\/\/caravanrepair.eu\/wp-content\/uploads\/2026\/06\/cr-blog-opleiding-caravantechnicus-opleiding-caravanwand-schade-specialist-content-2-20260627-768x574.webp 768w, https:\/\/caravanrepair.eu\/wp-content\/uploads\/2026\/06\/cr-blog-opleiding-caravantechnicus-opleiding-caravanwand-schade-specialist-content-2-20260627-16x12.webp 16w\" sizes=\"(max-width: 1024px) 100vw, 1024px\" \/>\t\t\t\t\t\t\t\t\t\t\t\t\t\t\t<\/div>\n\t\t\t\t<\/div>\n\t\t\t\t<div class=\"elementor-element elementor-element-wbed780 elementor-widget elementor-widget-text-editor\" data-id=\"wbed780\" data-element_type=\"widget\" data-e-type=\"widget\" data-widget_type=\"text-editor.default\">\n\t\t\t\t<div class=\"elementor-widget-container\">\n\t\t\t\t\t\t\t\t\t<p>Formation de technicien caravane ? Suivez chez nous une formation approfondie de technicien de caravane. Nous disposons de notre propre centre de formation avec des formateurs professionnels et qualifi\u00e9s poss\u00e9dant de nombreuses ann\u00e9es d&#039;exp\u00e9rience, qui travaillent avec un syst\u00e8me de r\u00e9paration de haute technologie solide et professionnel de CaravanRepair Group. Toutes les formations propos\u00e9es sont enti\u00e8rement orient\u00e9es vers la pratique, dans un centre de formation dot\u00e9 d&#039;installations de formation modernes. La formation approfondie et pratique des techniciens de caravanes se d\u00e9roule en petits groupes ou individuellement, le cas \u00e9ch\u00e9ant. Nous formons des techniciens \u00e0 la r\u00e9paration de tous types de parois profil\u00e9es pour caravanes et camping-cars.<\/p>\t\t\t\t\t\t\t\t<\/div>\n\t\t\t\t<\/div>\n\t\t\t\t<div class=\"elementor-element elementor-element-wd7cd47 elementor-widget elementor-widget-text-editor\" data-id=\"wd7cd47\" data-element_type=\"widget\" data-e-type=\"widget\" data-widget_type=\"text-editor.default\">\n\t\t\t\t<div class=\"elementor-widget-container\">\n\t\t\t\t\t\t\t\t\t<p>La technologie des caravanes devient de plus en plus complexe et compliqu\u00e9e, d&#039;autres techniques plus r\u00e9centes sont de plus en plus utilis\u00e9es, par exemple pour coller, placer et utiliser d&#039;autres mat\u00e9riaux plus l\u00e9gers pour les parois des caravanes. C&#039;est pourquoi suivre un cours de technicien caravane est un choix judicieux.<\/p>\t\t\t\t\t\t\t\t<\/div>\n\t\t\t\t<\/div>\n\t\t\t\t<div class=\"elementor-element elementor-element-wecdc2d elementor-widget elementor-widget-text-editor\" data-id=\"wecdc2d\" data-element_type=\"widget\" data-e-type=\"widget\" data-widget_type=\"text-editor.default\">\n\t\t\t\t<div class=\"elementor-widget-container\">\n\t\t\t\t\t\t\t\t\t<p>De assureurs contr\u00f4lent de plus en plus souvent si les dommages aux parois de caravane doivent \u00eatre r\u00e9par\u00e9s lorsque cela est possible. La r\u00e9paration des parois de caravane ou de camping-car permet de r\u00e9duire les co\u00fbts et prolonge la dur\u00e9e de vie d\u2019une caravane. Il n\u2019est donc pas n\u00e9cessaire de remplacer toute la nouvelle paroi de caravane, et le risque de fuite est ainsi \u00e9vit\u00e9. Gr\u00e2ce \u00e0 une bonne formation de technicien caravane, vous savez tout ce qui est n\u00e9cessaire pour r\u00e9aliser une r\u00e9paration parfaite.<\/p><p><a href=\"https:\/\/caravanrepair.eu\/fr\/formation-en-reparation-de-mur-de-caravane\/\">Consultez \u00e9galement notre page principale sur la formation \u00e0 la r\u00e9paration des murs de caravanes pour plus d'informations sur les cours de formation sp\u00e9cifiques.<\/a><\/p>\t\t\t\t\t\t\t\t<\/div>\n\t\t\t\t<\/div>\n\t\t\t\t<div class=\"elementor-element elementor-element-w43f03e elementor-widget elementor-widget-text-editor\" data-id=\"w43f03e\" data-element_type=\"widget\" data-e-type=\"widget\" data-widget_type=\"text-editor.default\">\n\t\t\t\t<div class=\"elementor-widget-container\">\n\t\t\t\t\t\t\t\t\t<p>Dans le centre de formation CaravanRepair\u00ae, vous \u00eates au bon endroit pour une formation professionnelle.<\/p>\t\t\t\t\t\t\t\t<\/div>\n\t\t\t\t<\/div>\n\t\t\t\t<div class=\"elementor-element elementor-element-w37470b elementor-widget elementor-widget-text-editor\" data-id=\"w37470b\" data-element_type=\"widget\" data-e-type=\"widget\" data-widget_type=\"text-editor.default\">\n\t\t\t\t<div class=\"elementor-widget-container\">\n\t\t\t\t\t\t\t\t\t<p>Nous formons des monteurs au r\u00e9tablissement de tous les panneaux de caravane profil\u00e9s, gr\u00e2ce \u00e0 un programme de formation complet mis \u00e0 votre disposition. La formation \u00ab technicien de caravane \u00bb en r\u00e9paration des parois de caravanes est destin\u00e9e \u00e0 tout monteur qui s\u2019occupe ou souhaite s\u2019occuper de la r\u00e9paration des parois de caravanes ou de camping-cars.<\/p><p>Pour les formations sp\u00e9ciales \u00e0 la r\u00e9paration de paroi de caravane (structure), une certaine exp\u00e9rience dans la r\u00e9paration de parois de caravane est n\u00e9cessaire depuis plusieurs ann\u00e9es. Dans cette formation sp\u00e9ciale, on utilise des techniques et des produits qui sont sp\u00e9cialement adapt\u00e9s les uns aux autres pour cette r\u00e9paration. Cela exige des connaissances et un niveau. <a href=\"https:\/\/caravanrepair.eu\/fr\/formation-3\/\">Regardez aussi la page des formations pour plus d\u2019informations.<\/a><\/p><p>Vous \u00eates int\u00e9ress\u00e9 et actif dans le secteur des caravanes ou des camping-cars ? Consultez la page des formations et contactez-nous, puis nous vous recontacterons dans les plus brefs d\u00e9lais.<\/p>\t\t\t\t\t\t\t\t<\/div>\n\t\t\t\t<\/div>\n\t\t\t\t<div class=\"elementor-element elementor-element-a940001 elementor-widget elementor-widget-button\" data-id=\"a940001\" data-element_type=\"widget\" data-e-type=\"widget\" data-widget_type=\"button.default\">\n\t\t\t\t<div class=\"elementor-widget-container\">\n\t\t\t\t\t\t\t\t\t<div class=\"elementor-button-wrapper\">\n\t\t\t\t\t<a class=\"elementor-button elementor-button-link elementor-size-sm\" href=\"https:\/\/caravanrepair.eu\/fr\/formation-3\/\">\n\t\t\t\t\t\t<span class=\"elementor-button-content-wrapper\">\n\t\t\t\t\t\t\t\t\t<span class=\"elementor-button-text\">Voir formations<\/span>\n\t\t\t\t\t<\/span>\n\t\t\t\t\t<\/a>\n\t\t\t\t<\/div>\n\t\t\t\t\t\t\t\t<\/div>\n\t\t\t\t<\/div>\n\t\t\t\t<\/div>\n\t\t<div class=\"elementor-element elementor-element-c455893 e-con-full e-flex e-con e-parent\" data-id=\"c455893\" data-element_type=\"container\" data-e-type=\"container\">\n\t\t\t\t<div class=\"elementor-element elementor-element-wdbb751 elementor-widget elementor-widget-heading\" data-id=\"wdbb751\" data-element_type=\"widget\" data-e-type=\"widget\" data-widget_type=\"heading.default\">\n\t\t\t\t<div class=\"elementor-widget-container\">\n\t\t\t\t\t<h3 class=\"elementor-heading-title elementor-size-default\">Derni\u00e8res nouvelles<\/h3>\t\t\t\t<\/div>\n\t\t\t\t<\/div>\n\t\t\t\t<div class=\"elementor-element elementor-element-w0dd308 elementor-grid-1 elementor-grid-tablet-1 elementor-grid-mobile-1 elementor-posts--thumbnail-top elementor-widget elementor-widget-posts\" data-id=\"w0dd308\" data-element_type=\"widget\" data-e-type=\"widget\" id=\"latest_news_sidebar\" data-settings=\"{&quot;classic_columns&quot;:&quot;1&quot;,&quot;classic_columns_tablet&quot;:&quot;1&quot;,&quot;classic_columns_mobile&quot;:&quot;1&quot;,&quot;classic_row_gap&quot;:{&quot;unit&quot;:&quot;px&quot;,&quot;size&quot;:16,&quot;sizes&quot;:[]},&quot;classic_row_gap_tablet&quot;:{&quot;unit&quot;:&quot;px&quot;,&quot;size&quot;:&quot;&quot;,&quot;sizes&quot;:[]},&quot;classic_row_gap_mobile&quot;:{&quot;unit&quot;:&quot;px&quot;,&quot;size&quot;:&quot;&quot;,&quot;sizes&quot;:[]}}\" data-widget_type=\"posts.classic\">\n\t\t\t\t<div class=\"elementor-widget-container\">\n\t\t\t\t\t\t\t<div class=\"elementor-posts-container elementor-posts elementor-posts--skin-classic elementor-grid\" role=\"list\">\n\t\t\t\t<article class=\"elementor-post elementor-grid-item post-27800 post type-post status-publish format-standard has-post-thumbnail hentry category-caravanrepair-nieuws\" role=\"listitem\">\n\t\t\t\t<a class=\"elementor-post__thumbnail__link\" href=\"https:\/\/caravanrepair.eu\/fr\/caravanrepair-nieuws\/unieke-hagelwerende-coating\/\" tabindex=\"-1\" >\n\t\t\t<div class=\"elementor-post__thumbnail\"><img decoding=\"async\" width=\"800\" height=\"600\" src=\"https:\/\/caravanrepair.eu\/wp-content\/uploads\/2026\/06\/cr-blog-unieke-hagelwerende-coating-featured-1-20260627-1024x768.webp\" class=\"attachment-large size-large wp-image-27814\" alt=\"Camper au bord de la mer comme image pour rev\u00eatement anti-gr\u00eale\" srcset=\"https:\/\/caravanrepair.eu\/wp-content\/uploads\/2026\/06\/cr-blog-unieke-hagelwerende-coating-featured-1-20260627-1024x768.webp 1024w, https:\/\/caravanrepair.eu\/wp-content\/uploads\/2026\/06\/cr-blog-unieke-hagelwerende-coating-featured-1-20260627-300x225.webp 300w, https:\/\/caravanrepair.eu\/wp-content\/uploads\/2026\/06\/cr-blog-unieke-hagelwerende-coating-featured-1-20260627-768x576.webp 768w, https:\/\/caravanrepair.eu\/wp-content\/uploads\/2026\/06\/cr-blog-unieke-hagelwerende-coating-featured-1-20260627-16x12.webp 16w, https:\/\/caravanrepair.eu\/wp-content\/uploads\/2026\/06\/cr-blog-unieke-hagelwerende-coating-featured-1-20260627.webp 1200w\" sizes=\"(max-width: 800px) 100vw, 800px\" \/><\/div>\n\t\t<\/a>\n\t\t\t\t<div class=\"elementor-post__text\">\n\t\t\t\t<h4 class=\"elementor-post__title\">\n\t\t\t<a href=\"https:\/\/caravanrepair.eu\/fr\/caravanrepair-nieuws\/unieke-hagelwerende-coating\/\" >\n\t\t\t\tRev\u00eatement unique r\u00e9sistant \u00e0 la gr\u00eale\t\t\t<\/a>\n\t\t<\/h4>\n\t\t\t\t<div class=\"elementor-post__excerpt\">\n\t\t\t<p>Sur un rev\u00eatement unique anti-gr\u00eale pour les toits de caravanes et de camping-cars, et une protection contre les dommages caus\u00e9s par la gr\u00eale, les infiltrations d\u2019eau et les d\u00e9g\u00e2ts dus \u00e0 l\u2019humidit\u00e9.<\/p>\n\t\t<\/div>\n\t\t\n\t\t<a class=\"elementor-post__read-more\" href=\"https:\/\/caravanrepair.eu\/fr\/caravanrepair-nieuws\/unieke-hagelwerende-coating\/\" aria-label=\"Et en savoir plus sur le rev\u00eatement unique r\u00e9sistant \u00e0 la gr\u00eale\" tabindex=\"-1\" >\n\t\t\tContinuer la lecture\t\t<\/a>\n\n\t\t\t\t<\/div>\n\t\t\t\t<\/article>\n\t\t\t\t<article class=\"elementor-post elementor-grid-item post-27801 post type-post status-publish format-standard has-post-thumbnail hentry category-caravanrepair-nieuws\" role=\"listitem\">\n\t\t\t\t<a class=\"elementor-post__thumbnail__link\" href=\"https:\/\/caravanrepair.eu\/fr\/caravanrepair-nieuws\/caravanvloer-injecteren-repareren\/\" tabindex=\"-1\" >\n\t\t\t<div class=\"elementor-post__thumbnail\"><img loading=\"lazy\" decoding=\"async\" width=\"800\" height=\"336\" src=\"https:\/\/caravanrepair.eu\/wp-content\/uploads\/2026\/06\/cr-blog-caravanvloer-injecteren-repareren-featured-1-20260627.webp\" class=\"attachment-large size-large wp-image-27815\" alt=\"Voiture avec caravane sur la route\" srcset=\"https:\/\/caravanrepair.eu\/wp-content\/uploads\/2026\/06\/cr-blog-caravanvloer-injecteren-repareren-featured-1-20260627.webp 1000w, https:\/\/caravanrepair.eu\/wp-content\/uploads\/2026\/06\/cr-blog-caravanvloer-injecteren-repareren-featured-1-20260627-300x126.webp 300w, https:\/\/caravanrepair.eu\/wp-content\/uploads\/2026\/06\/cr-blog-caravanvloer-injecteren-repareren-featured-1-20260627-768x323.webp 768w, https:\/\/caravanrepair.eu\/wp-content\/uploads\/2026\/06\/cr-blog-caravanvloer-injecteren-repareren-featured-1-20260627-18x8.webp 18w\" sizes=\"(max-width: 800px) 100vw, 800px\" \/><\/div>\n\t\t<\/a>\n\t\t\t\t<div class=\"elementor-post__text\">\n\t\t\t\t<h4 class=\"elementor-post__title\">\n\t\t\t<a href=\"https:\/\/caravanrepair.eu\/fr\/caravanrepair-nieuws\/caravanvloer-injecteren-repareren\/\" >\n\t\t\t\tInjecter\/r\u00e9parer le plancher de la caravane\t\t\t<\/a>\n\t\t<\/h4>\n\t\t\t\t<div class=\"elementor-post__excerpt\">\n\t\t\t<p>Explication sur l\u2019injection ou la r\u00e9paration du sol de caravane, les sols flexibles (\u00e0 ressorts) et quand il est judicieux de faire \u00e9valuer la situation par un sp\u00e9cialiste.<\/p>\n\t\t<\/div>\n\t\t\n\t\t<a class=\"elementor-post__read-more\" href=\"https:\/\/caravanrepair.eu\/fr\/caravanrepair-nieuws\/caravanvloer-injecteren-repareren\/\" aria-label=\"C&#039;est \u00e9galement un plus pour injecter\/r\u00e9parer le rev\u00eatement de sol d&#039;une caravane.\" tabindex=\"-1\" >\n\t\t\tContinuer la lecture\t\t<\/a>\n\n\t\t\t\t<\/div>\n\t\t\t\t<\/article>\n\t\t\t\t<article class=\"elementor-post elementor-grid-item post-27804 post type-post status-publish format-standard has-post-thumbnail hentry category-caravanrepair-nieuws\" role=\"listitem\">\n\t\t\t\t<a class=\"elementor-post__thumbnail__link\" href=\"https:\/\/caravanrepair.eu\/fr\/caravanrepair-nieuws\/opleiding-caravantechnicus-opleiding-caravanwand-schade-specialist\/\" tabindex=\"-1\" >\n\t\t\t<div class=\"elementor-post__thumbnail\"><img loading=\"lazy\" decoding=\"async\" width=\"800\" height=\"277\" src=\"https:\/\/caravanrepair.eu\/wp-content\/uploads\/2026\/06\/cr-blog-opleiding-caravantechnicus-opleiding-caravanwand-schade-specialist-featured-1-20260627-1024x354.webp\" class=\"attachment-large size-large wp-image-27819\" alt=\"Formation technicien caravanes chez CaravanRepair\" srcset=\"https:\/\/caravanrepair.eu\/wp-content\/uploads\/2026\/06\/cr-blog-opleiding-caravantechnicus-opleiding-caravanwand-schade-specialist-featured-1-20260627-1024x354.webp 1024w, https:\/\/caravanrepair.eu\/wp-content\/uploads\/2026\/06\/cr-blog-opleiding-caravantechnicus-opleiding-caravanwand-schade-specialist-featured-1-20260627-300x104.webp 300w, https:\/\/caravanrepair.eu\/wp-content\/uploads\/2026\/06\/cr-blog-opleiding-caravantechnicus-opleiding-caravanwand-schade-specialist-featured-1-20260627-768x266.webp 768w, https:\/\/caravanrepair.eu\/wp-content\/uploads\/2026\/06\/cr-blog-opleiding-caravantechnicus-opleiding-caravanwand-schade-specialist-featured-1-20260627-18x6.webp 18w, https:\/\/caravanrepair.eu\/wp-content\/uploads\/2026\/06\/cr-blog-opleiding-caravantechnicus-opleiding-caravanwand-schade-specialist-featured-1-20260627.webp 1200w\" sizes=\"(max-width: 800px) 100vw, 800px\" \/><\/div>\n\t\t<\/a>\n\t\t\t\t<div class=\"elementor-post__text\">\n\t\t\t\t<h4 class=\"elementor-post__title\">\n\t\t\t<a href=\"https:\/\/caravanrepair.eu\/fr\/caravanrepair-nieuws\/opleiding-caravantechnicus-opleiding-caravanwand-schade-specialist\/\" >\n\t\t\t\tFormation Technicien Caravane\t\t\t<\/a>\n\t\t<\/h4>\n\t\t\t\t<div class=\"elementor-post__excerpt\">\n\t\t\t<p>\u00c0 propos de la formation de technicien caravane et de sp\u00e9cialiste des dommages aux caravanes chez CaravanRepair\u00ae.<\/p>\n\t\t<\/div>\n\t\t\n\t\t<a class=\"elementor-post__read-more\" href=\"https:\/\/caravanrepair.eu\/fr\/caravanrepair-nieuws\/opleiding-caravantechnicus-opleiding-caravanwand-schade-specialist\/\" aria-label=\"En savoir plus sur Formation Technicien Caravane\" tabindex=\"-1\" >\n\t\t\tContinuer la lecture\t\t<\/a>\n\n\t\t\t\t<\/div>\n\t\t\t\t<\/article>\n\t\t\t\t<article class=\"elementor-post elementor-grid-item post-27802 post type-post status-publish format-standard has-post-thumbnail hentry category-caravanrepair-nieuws\" role=\"listitem\">\n\t\t\t\t<a class=\"elementor-post__thumbnail__link\" href=\"https:\/\/caravanrepair.eu\/fr\/caravanrepair-nieuws\/kampeerautotuning-zin-of-onzin\/\" tabindex=\"-1\" >\n\t\t\t<div class=\"elementor-post__thumbnail\"><img loading=\"lazy\" decoding=\"async\" width=\"640\" height=\"479\" src=\"https:\/\/caravanrepair.eu\/wp-content\/uploads\/2026\/06\/cr-blog-kampeerautotuning-zin-of-onzin-featured-1-20260627.webp\" class=\"attachment-large size-large wp-image-27816\" alt=\"Atelier de tuning pour camping-cars\" srcset=\"https:\/\/caravanrepair.eu\/wp-content\/uploads\/2026\/06\/cr-blog-kampeerautotuning-zin-of-onzin-featured-1-20260627.webp 640w, https:\/\/caravanrepair.eu\/wp-content\/uploads\/2026\/06\/cr-blog-kampeerautotuning-zin-of-onzin-featured-1-20260627-300x225.webp 300w, https:\/\/caravanrepair.eu\/wp-content\/uploads\/2026\/06\/cr-blog-kampeerautotuning-zin-of-onzin-featured-1-20260627-16x12.webp 16w\" sizes=\"(max-width: 640px) 100vw, 640px\" \/><\/div>\n\t\t<\/a>\n\t\t\t\t<div class=\"elementor-post__text\">\n\t\t\t\t<h4 class=\"elementor-post__title\">\n\t\t\t<a href=\"https:\/\/caravanrepair.eu\/fr\/caravanrepair-nieuws\/kampeerautotuning-zin-of-onzin\/\" >\n\t\t\t\tTuning camping-car, sens ou non-sens ?\t\t\t<\/a>\n\t\t<\/h4>\n\t\t\t\t<div class=\"elementor-post__excerpt\">\n\t\t\t<p>Tuning de camping-car : le r\u00e9glage de la carburation du moteur est-il utile pour les camping-cars et \u00e0 quoi devez-vous faire attention ?<\/p>\n\t\t<\/div>\n\t\t\n\t\t<a class=\"elementor-post__read-more\" href=\"https:\/\/caravanrepair.eu\/fr\/caravanrepair-nieuws\/kampeerautotuning-zin-of-onzin\/\" aria-label=\"Et plus de connaissances sur le tuning de camping-car, sens ou non-sens ?\" tabindex=\"-1\" >\n\t\t\tContinuer la lecture\t\t<\/a>\n\n\t\t\t\t<\/div>\n\t\t\t\t<\/article>\n\t\t\t\t<article class=\"elementor-post elementor-grid-item post-27803 post type-post status-publish format-standard has-post-thumbnail hentry category-caravanrepair-nieuws\" role=\"listitem\">\n\t\t\t\t<a class=\"elementor-post__thumbnail__link\" href=\"https:\/\/caravanrepair.eu\/fr\/caravanrepair-nieuws\/caravan-en-camper-verzekeringen-onze-specialisten-kennen-alle-geheimen-voor-de-beste-caravan-en-camper-verzekering\/\" tabindex=\"-1\" >\n\t\t\t<div class=\"elementor-post__thumbnail\"><img loading=\"lazy\" decoding=\"async\" width=\"780\" height=\"420\" src=\"https:\/\/caravanrepair.eu\/wp-content\/uploads\/2026\/06\/cr-blog-caravan-en-camper-verzekeringen-onze-specialisten-kennen-alle-geheimen-voor-de-beste-caravan-en-camper-verzekering-featured-1-20260627.webp\" class=\"attachment-large size-large wp-image-27818\" alt=\"Caravane dans les montagnes\" srcset=\"https:\/\/caravanrepair.eu\/wp-content\/uploads\/2026\/06\/cr-blog-caravan-en-camper-verzekeringen-onze-specialisten-kennen-alle-geheimen-voor-de-beste-caravan-en-camper-verzekering-featured-1-20260627.webp 780w, https:\/\/caravanrepair.eu\/wp-content\/uploads\/2026\/06\/cr-blog-caravan-en-camper-verzekeringen-onze-specialisten-kennen-alle-geheimen-voor-de-beste-caravan-en-camper-verzekering-featured-1-20260627-300x162.webp 300w, https:\/\/caravanrepair.eu\/wp-content\/uploads\/2026\/06\/cr-blog-caravan-en-camper-verzekeringen-onze-specialisten-kennen-alle-geheimen-voor-de-beste-caravan-en-camper-verzekering-featured-1-20260627-768x414.webp 768w, https:\/\/caravanrepair.eu\/wp-content\/uploads\/2026\/06\/cr-blog-caravan-en-camper-verzekeringen-onze-specialisten-kennen-alle-geheimen-voor-de-beste-caravan-en-camper-verzekering-featured-1-20260627-18x10.webp 18w\" sizes=\"(max-width: 780px) 100vw, 780px\" \/><\/div>\n\t\t<\/a>\n\t\t\t\t<div class=\"elementor-post__text\">\n\t\t\t\t<h4 class=\"elementor-post__title\">\n\t\t\t<a href=\"https:\/\/caravanrepair.eu\/fr\/caravanrepair-nieuws\/caravan-en-camper-verzekeringen-onze-specialisten-kennen-alle-geheimen-voor-de-beste-caravan-en-camper-verzekering\/\" >\n\t\t\t\tNos sp\u00e9cialistes connaissent tous les secrets de la meilleure assurance caravane et camping-car.\t\t\t<\/a>\n\t\t<\/h4>\n\t\t\t\t<div class=\"elementor-post__excerpt\">\n\t\t\t<p>\u00c0 propos des assurances pour caravanes et camping-cars, de la couverture \u00e0 la valeur \u00e0 neuf, de la couverture du prix d\u2019achat, de la valeur v\u00e9nale et des r\u00e9parations en cas de sinistre via votre propre concessionnaire.<\/p>\n\t\t<\/div>\n\t\t\n\t\t<a class=\"elementor-post__read-more\" href=\"https:\/\/caravanrepair.eu\/fr\/caravanrepair-nieuws\/caravan-en-camper-verzekeringen-onze-specialisten-kennen-alle-geheimen-voor-de-beste-caravan-en-camper-verzekering\/\" aria-label=\"En savoir plus sur Nos sp\u00e9cialistes connaissent tous les secrets de la meilleure assurance caravane et camping-car.\" tabindex=\"-1\" >\n\t\t\tContinuer la lecture\t\t<\/a>\n\n\t\t\t\t<\/div>\n\t\t\t\t<\/article>\n\t\t\t\t<\/div>\n\t\t\n\t\t\t\t\t\t<\/div>\n\t\t\t\t<\/div>\n\t\t\t\t<div class=\"elementor-element elementor-element-w4670af elementor-widget elementor-widget-button\" data-id=\"w4670af\" data-element_type=\"widget\" data-e-type=\"widget\" data-widget_type=\"button.default\">\n\t\t\t\t<div class=\"elementor-widget-container\">\n\t\t\t\t\t\t\t\t\t<div class=\"elementor-button-wrapper\">\n\t\t\t\t\t<a class=\"elementor-button elementor-button-link elementor-size-sm\" href=\"https:\/\/caravanrepair.eu\/fr\/actualites-sur-la-reparation-de-caravanes\/\">\n\t\t\t\t\t\t<span class=\"elementor-button-content-wrapper\">\n\t\t\t\t\t\t\t\t\t<span class=\"elementor-button-text\">Tous les articles d\u2019actualit\u00e9<\/span>\n\t\t\t\t\t<\/span>\n\t\t\t\t\t<\/a>\n\t\t\t\t<\/div>\n\t\t\t\t\t\t\t\t<\/div>\n\t\t\t\t<\/div>\n\t\t\t\t<\/div>\n\t\t\t\t\t<\/div>\n\t\t\t\t<\/div>\n\t\t\t\t\t<\/div>\n\t\t\t\t<\/section>\n\t\t\t\t<\/div>","protected":false},"excerpt":{"rendered":"<p>\u00c0 propos de la formation de technicien caravane et de sp\u00e9cialiste des dommages aux caravanes chez CaravanRepair\u00ae.<\/p>","protected":false},"author":5,"featured_media":27819,"comment_status":"closed","ping_status":"","sticky":false,"template":"","format":"standard","meta":{"footnotes":""},"categories":[16],"tags":[],"class_list":["post-27804","post","type-post","status-publish","format-standard","has-post-thumbnail","hentry","category-caravanrepair-nieuws"],"yoast_head":"<!-- This site is optimized with the Yoast SEO Premium plugin v28.4 (Yoast SEO v28.4) - https:\/\/yoast.com\/product\/yoast-seo-premium-wordpress\/ -->\n<title>Opleiding Caravantechnicus - CaravanRepair&reg;<\/title>\n<meta name=\"description\" content=\"Opleiding caravantechnicus en caravanwand-schadespecialist bij CaravanRepair\u00ae: praktijkgericht leren herstellen van caravan- en camperwanden.\" \/>\n<meta name=\"robots\" content=\"index, follow, max-snippet:-1, max-image-preview:large, max-video-preview:-1\" \/>\n<link rel=\"canonical\" href=\"https:\/\/caravanrepair.eu\/fr\/actualites-sur-la-reparation-de-caravanes\/formation-de-technicien-de-caravane-formation-de-specialiste-en-dommages-aux-murs-de-caravane\/\" \/>\n<meta property=\"og:locale\" content=\"fr_FR\" \/>\n<meta property=\"og:type\" content=\"article\" \/>\n<meta property=\"og:title\" content=\"Opleiding Caravantechnicus\" \/>\n<meta property=\"og:description\" content=\"Opleiding caravantechnicus en caravanwand-schadespecialist bij CaravanRepair\u00ae: praktijkgericht leren herstellen van caravan- en camperwanden.\" \/>\n<meta property=\"og:url\" content=\"https:\/\/caravanrepair.eu\/fr\/actualites-sur-la-reparation-de-caravanes\/formation-de-technicien-de-caravane-formation-de-specialiste-en-dommages-aux-murs-de-caravane\/\" \/>\n<meta property=\"og:site_name\" content=\"CaravanRepair&reg;\" \/>\n<meta property=\"article:published_time\" content=\"2019-03-21T11:32:32+00:00\" \/>\n<meta property=\"article:modified_time\" content=\"2026-06-29T16:45:49+00:00\" \/>\n<meta property=\"og:image\" content=\"https:\/\/caravanrepair.eu\/wp-content\/uploads\/2026\/06\/cr-blog-opleiding-caravantechnicus-opleiding-caravanwand-schade-specialist-featured-1-20260627.webp\" \/>\n\t<meta property=\"og:image:width\" content=\"1200\" \/>\n\t<meta property=\"og:image:height\" content=\"415\" \/>\n\t<meta property=\"og:image:type\" content=\"image\/webp\" \/>\n<meta name=\"author\" content=\"robin\" \/>\n<meta name=\"twitter:card\" content=\"summary_large_image\" \/>\n<meta name=\"twitter:label1\" content=\"\u00c9crit par\" \/>\n\t<meta name=\"twitter:data1\" content=\"robin\" \/>\n\t<meta name=\"twitter:label2\" content=\"Dur\u00e9e de lecture estim\u00e9e\" \/>\n\t<meta name=\"twitter:data2\" content=\"2 minutes\" \/>\n<script type=\"application\/ld+json\" class=\"yoast-schema-graph\">{\"@context\":\"https:\\\/\\\/schema.org\",\"@graph\":[{\"@type\":\"Article\",\"@id\":\"https:\\\/\\\/caravanrepair.eu\\\/caravanrepair-nieuws\\\/opleiding-caravantechnicus-opleiding-caravanwand-schade-specialist\\\/#article\",\"isPartOf\":{\"@id\":\"https:\\\/\\\/caravanrepair.eu\\\/caravanrepair-nieuws\\\/opleiding-caravantechnicus-opleiding-caravanwand-schade-specialist\\\/\"},\"author\":{\"name\":\"robin\",\"@id\":\"https:\\\/\\\/caravanrepair.eu\\\/#\\\/schema\\\/person\\\/f7286bf089d31db6ca7e7c603f856cf3\"},\"headline\":\"Opleiding Caravantechnicus\",\"datePublished\":\"2019-03-21T11:32:32+00:00\",\"dateModified\":\"2026-06-29T16:45:49+00:00\",\"mainEntityOfPage\":{\"@id\":\"https:\\\/\\\/caravanrepair.eu\\\/caravanrepair-nieuws\\\/opleiding-caravantechnicus-opleiding-caravanwand-schade-specialist\\\/\"},\"wordCount\":361,\"publisher\":{\"@id\":\"https:\\\/\\\/caravanrepair.eu\\\/#organization\"},\"image\":{\"@id\":\"https:\\\/\\\/caravanrepair.eu\\\/caravanrepair-nieuws\\\/opleiding-caravantechnicus-opleiding-caravanwand-schade-specialist\\\/#primaryimage\"},\"thumbnailUrl\":\"https:\\\/\\\/caravanrepair.eu\\\/wp-content\\\/uploads\\\/2026\\\/06\\\/cr-blog-opleiding-caravantechnicus-opleiding-caravanwand-schade-specialist-featured-1-20260627.webp\",\"articleSection\":[\"CaravanRepair Nieuws\"],\"inLanguage\":\"fr-FR\"},{\"@type\":\"WebPage\",\"@id\":\"https:\\\/\\\/caravanrepair.eu\\\/caravanrepair-nieuws\\\/opleiding-caravantechnicus-opleiding-caravanwand-schade-specialist\\\/\",\"url\":\"https:\\\/\\\/caravanrepair.eu\\\/caravanrepair-nieuws\\\/opleiding-caravantechnicus-opleiding-caravanwand-schade-specialist\\\/\",\"name\":\"Opleiding Caravantechnicus - CaravanRepair&reg;\",\"isPartOf\":{\"@id\":\"https:\\\/\\\/caravanrepair.eu\\\/#website\"},\"primaryImageOfPage\":{\"@id\":\"https:\\\/\\\/caravanrepair.eu\\\/caravanrepair-nieuws\\\/opleiding-caravantechnicus-opleiding-caravanwand-schade-specialist\\\/#primaryimage\"},\"image\":{\"@id\":\"https:\\\/\\\/caravanrepair.eu\\\/caravanrepair-nieuws\\\/opleiding-caravantechnicus-opleiding-caravanwand-schade-specialist\\\/#primaryimage\"},\"thumbnailUrl\":\"https:\\\/\\\/caravanrepair.eu\\\/wp-content\\\/uploads\\\/2026\\\/06\\\/cr-blog-opleiding-caravantechnicus-opleiding-caravanwand-schade-specialist-featured-1-20260627.webp\",\"datePublished\":\"2019-03-21T11:32:32+00:00\",\"dateModified\":\"2026-06-29T16:45:49+00:00\",\"description\":\"Opleiding caravantechnicus en caravanwand-schadespecialist bij CaravanRepair\u00ae: praktijkgericht leren herstellen van caravan- en camperwanden.\",\"breadcrumb\":{\"@id\":\"https:\\\/\\\/caravanrepair.eu\\\/caravanrepair-nieuws\\\/opleiding-caravantechnicus-opleiding-caravanwand-schade-specialist\\\/#breadcrumb\"},\"inLanguage\":\"fr-FR\",\"potentialAction\":[{\"@type\":\"ReadAction\",\"target\":[\"https:\\\/\\\/caravanrepair.eu\\\/caravanrepair-nieuws\\\/opleiding-caravantechnicus-opleiding-caravanwand-schade-specialist\\\/\"]}]},{\"@type\":\"ImageObject\",\"inLanguage\":\"fr-FR\",\"@id\":\"https:\\\/\\\/caravanrepair.eu\\\/caravanrepair-nieuws\\\/opleiding-caravantechnicus-opleiding-caravanwand-schade-specialist\\\/#primaryimage\",\"url\":\"https:\\\/\\\/caravanrepair.eu\\\/wp-content\\\/uploads\\\/2026\\\/06\\\/cr-blog-opleiding-caravantechnicus-opleiding-caravanwand-schade-specialist-featured-1-20260627.webp\",\"contentUrl\":\"https:\\\/\\\/caravanrepair.eu\\\/wp-content\\\/uploads\\\/2026\\\/06\\\/cr-blog-opleiding-caravantechnicus-opleiding-caravanwand-schade-specialist-featured-1-20260627.webp\",\"width\":1200,\"height\":415,\"caption\":\"Opleiding caravantechnicus bij CaravanRepair\"},{\"@type\":\"BreadcrumbList\",\"@id\":\"https:\\\/\\\/caravanrepair.eu\\\/caravanrepair-nieuws\\\/opleiding-caravantechnicus-opleiding-caravanwand-schade-specialist\\\/#breadcrumb\",\"itemListElement\":[{\"@type\":\"ListItem\",\"position\":1,\"name\":\"Home\",\"item\":\"https:\\\/\\\/caravanrepair.eu\\\/\"},{\"@type\":\"ListItem\",\"position\":2,\"name\":\"CaravanRepair Nieuws\",\"item\":\"https:\\\/\\\/caravanrepair.eu\\\/category\\\/caravanrepair-nieuws\\\/\"},{\"@type\":\"ListItem\",\"position\":3,\"name\":\"Opleiding Caravantechnicus\"}]},{\"@type\":\"WebSite\",\"@id\":\"https:\\\/\\\/caravanrepair.eu\\\/#website\",\"url\":\"https:\\\/\\\/caravanrepair.eu\\\/\",\"name\":\"CaravanRepair\u00ae\",\"description\":\"Professioneel schadeherstel voor caravan en camper\",\"publisher\":{\"@id\":\"https:\\\/\\\/caravanrepair.eu\\\/#organization\"},\"potentialAction\":[{\"@type\":\"SearchAction\",\"target\":{\"@type\":\"EntryPoint\",\"urlTemplate\":\"https:\\\/\\\/caravanrepair.eu\\\/?s={search_term_string}\"},\"query-input\":{\"@type\":\"PropertyValueSpecification\",\"valueRequired\":true,\"valueName\":\"search_term_string\"}}],\"inLanguage\":\"fr-FR\"},{\"@type\":\"Organization\",\"@id\":\"https:\\\/\\\/caravanrepair.eu\\\/#organization\",\"name\":\"CaravanRepair\u00ae\",\"url\":\"https:\\\/\\\/caravanrepair.eu\\\/\",\"logo\":{\"@type\":\"ImageObject\",\"inLanguage\":\"fr-FR\",\"@id\":\"https:\\\/\\\/caravanrepair.eu\\\/#\\\/schema\\\/logo\\\/image\\\/\",\"url\":\"https:\\\/\\\/caravanrepair.eu\\\/wp-content\\\/uploads\\\/2019\\\/01\\\/logo-caravanrepair.png\",\"contentUrl\":\"https:\\\/\\\/caravanrepair.eu\\\/wp-content\\\/uploads\\\/2019\\\/01\\\/logo-caravanrepair.png\",\"width\":353,\"height\":150,\"caption\":\"CaravanRepair\u00ae\"},\"image\":{\"@id\":\"https:\\\/\\\/caravanrepair.eu\\\/#\\\/schema\\\/logo\\\/image\\\/\"}},{\"@type\":\"Person\",\"@id\":\"https:\\\/\\\/caravanrepair.eu\\\/#\\\/schema\\\/person\\\/f7286bf089d31db6ca7e7c603f856cf3\",\"name\":\"robin\"}]}<\/script>\n<!-- \/ Yoast SEO Premium plugin. -->","yoast_head_json":{"title":"Formation Technicien Caravane - CaravanRepair\u00ae","description":"Formation technicien caravane et sp\u00e9cialiste des dommages aux parois de caravane chez CaravanRepair\u00ae : apprendre de mani\u00e8re ax\u00e9e sur la pratique \u00e0 r\u00e9parer les parois de caravanes et de camping-cars.","robots":{"index":"index","follow":"follow","max-snippet":"max-snippet:-1","max-image-preview":"max-image-preview:large","max-video-preview":"max-video-preview:-1"},"canonical":"https:\/\/caravanrepair.eu\/fr\/actualites-sur-la-reparation-de-caravanes\/formation-de-technicien-de-caravane-formation-de-specialiste-en-dommages-aux-murs-de-caravane\/","og_locale":"fr_FR","og_type":"article","og_title":"Opleiding Caravantechnicus","og_description":"Opleiding caravantechnicus en caravanwand-schadespecialist bij CaravanRepair\u00ae: praktijkgericht leren herstellen van caravan- en camperwanden.","og_url":"https:\/\/caravanrepair.eu\/fr\/actualites-sur-la-reparation-de-caravanes\/formation-de-technicien-de-caravane-formation-de-specialiste-en-dommages-aux-murs-de-caravane\/","og_site_name":"CaravanRepair&reg;","article_published_time":"2019-03-21T11:32:32+00:00","article_modified_time":"2026-06-29T16:45:49+00:00","og_image":[{"width":1200,"height":415,"url":"https:\/\/caravanrepair.eu\/wp-content\/uploads\/2026\/06\/cr-blog-opleiding-caravantechnicus-opleiding-caravanwand-schade-specialist-featured-1-20260627.webp","type":"image\/webp"}],"author":"robin","twitter_card":"summary_large_image","twitter_misc":{"\u00c9crit par":"robin","Dur\u00e9e de lecture estim\u00e9e":"2 minutes"},"schema":{"@context":"https:\/\/schema.org","@graph":[{"@type":"Article","@id":"https:\/\/caravanrepair.eu\/caravanrepair-nieuws\/opleiding-caravantechnicus-opleiding-caravanwand-schade-specialist\/#article","isPartOf":{"@id":"https:\/\/caravanrepair.eu\/caravanrepair-nieuws\/opleiding-caravantechnicus-opleiding-caravanwand-schade-specialist\/"},"author":{"name":"robin","@id":"https:\/\/caravanrepair.eu\/#\/schema\/person\/f7286bf089d31db6ca7e7c603f856cf3"},"headline":"Opleiding Caravantechnicus","datePublished":"2019-03-21T11:32:32+00:00","dateModified":"2026-06-29T16:45:49+00:00","mainEntityOfPage":{"@id":"https:\/\/caravanrepair.eu\/caravanrepair-nieuws\/opleiding-caravantechnicus-opleiding-caravanwand-schade-specialist\/"},"wordCount":361,"publisher":{"@id":"https:\/\/caravanrepair.eu\/#organization"},"image":{"@id":"https:\/\/caravanrepair.eu\/caravanrepair-nieuws\/opleiding-caravantechnicus-opleiding-caravanwand-schade-specialist\/#primaryimage"},"thumbnailUrl":"https:\/\/caravanrepair.eu\/wp-content\/uploads\/2026\/06\/cr-blog-opleiding-caravantechnicus-opleiding-caravanwand-schade-specialist-featured-1-20260627.webp","articleSection":["CaravanRepair Nieuws"],"inLanguage":"fr-FR"},{"@type":"WebPage","@id":"https:\/\/caravanrepair.eu\/caravanrepair-nieuws\/opleiding-caravantechnicus-opleiding-caravanwand-schade-specialist\/","url":"https:\/\/caravanrepair.eu\/caravanrepair-nieuws\/opleiding-caravantechnicus-opleiding-caravanwand-schade-specialist\/","name":"Formation Technicien Caravane - CaravanRepair\u00ae","isPartOf":{"@id":"https:\/\/caravanrepair.eu\/#website"},"primaryImageOfPage":{"@id":"https:\/\/caravanrepair.eu\/caravanrepair-nieuws\/opleiding-caravantechnicus-opleiding-caravanwand-schade-specialist\/#primaryimage"},"image":{"@id":"https:\/\/caravanrepair.eu\/caravanrepair-nieuws\/opleiding-caravantechnicus-opleiding-caravanwand-schade-specialist\/#primaryimage"},"thumbnailUrl":"https:\/\/caravanrepair.eu\/wp-content\/uploads\/2026\/06\/cr-blog-opleiding-caravantechnicus-opleiding-caravanwand-schade-specialist-featured-1-20260627.webp","datePublished":"2019-03-21T11:32:32+00:00","dateModified":"2026-06-29T16:45:49+00:00","description":"Formation technicien caravane et sp\u00e9cialiste des dommages aux parois de caravane chez CaravanRepair\u00ae : apprendre de mani\u00e8re ax\u00e9e sur la pratique \u00e0 r\u00e9parer les parois de caravanes et de camping-cars.","breadcrumb":{"@id":"https:\/\/caravanrepair.eu\/caravanrepair-nieuws\/opleiding-caravantechnicus-opleiding-caravanwand-schade-specialist\/#breadcrumb"},"inLanguage":"fr-FR","potentialAction":[{"@type":"ReadAction","target":["https:\/\/caravanrepair.eu\/caravanrepair-nieuws\/opleiding-caravantechnicus-opleiding-caravanwand-schade-specialist\/"]}]},{"@type":"ImageObject","inLanguage":"fr-FR","@id":"https:\/\/caravanrepair.eu\/caravanrepair-nieuws\/opleiding-caravantechnicus-opleiding-caravanwand-schade-specialist\/#primaryimage","url":"https:\/\/caravanrepair.eu\/wp-content\/uploads\/2026\/06\/cr-blog-opleiding-caravantechnicus-opleiding-caravanwand-schade-specialist-featured-1-20260627.webp","contentUrl":"https:\/\/caravanrepair.eu\/wp-content\/uploads\/2026\/06\/cr-blog-opleiding-caravantechnicus-opleiding-caravanwand-schade-specialist-featured-1-20260627.webp","width":1200,"height":415,"caption":"Opleiding caravantechnicus bij CaravanRepair"},{"@type":"BreadcrumbList","@id":"https:\/\/caravanrepair.eu\/caravanrepair-nieuws\/opleiding-caravantechnicus-opleiding-caravanwand-schade-specialist\/#breadcrumb","itemListElement":[{"@type":"ListItem","position":1,"name":"Home","item":"https:\/\/caravanrepair.eu\/"},{"@type":"ListItem","position":2,"name":"CaravanRepair Nieuws","item":"https:\/\/caravanrepair.eu\/category\/caravanrepair-nieuws\/"},{"@type":"ListItem","position":3,"name":"Opleiding Caravantechnicus"}]},{"@type":"WebSite","@id":"https:\/\/caravanrepair.eu\/#website","url":"https:\/\/caravanrepair.eu\/","name":"CaravanRepair\u00ae","description":"R\u00e9paration professionnelle de dommages pour caravane et camping-car","publisher":{"@id":"https:\/\/caravanrepair.eu\/#organization"},"potentialAction":[{"@type":"SearchAction","target":{"@type":"EntryPoint","urlTemplate":"https:\/\/caravanrepair.eu\/?s={search_term_string}"},"query-input":{"@type":"PropertyValueSpecification","valueRequired":true,"valueName":"search_term_string"}}],"inLanguage":"fr-FR"},{"@type":"Organization","@id":"https:\/\/caravanrepair.eu\/#organization","name":"CaravanRepair\u00ae","url":"https:\/\/caravanrepair.eu\/","logo":{"@type":"ImageObject","inLanguage":"fr-FR","@id":"https:\/\/caravanrepair.eu\/#\/schema\/logo\/image\/","url":"https:\/\/caravanrepair.eu\/wp-content\/uploads\/2019\/01\/logo-caravanrepair.png","contentUrl":"https:\/\/caravanrepair.eu\/wp-content\/uploads\/2019\/01\/logo-caravanrepair.png","width":353,"height":150,"caption":"CaravanRepair\u00ae"},"image":{"@id":"https:\/\/caravanrepair.eu\/#\/schema\/logo\/image\/"}},{"@type":"Person","@id":"https:\/\/caravanrepair.eu\/#\/schema\/person\/f7286bf089d31db6ca7e7c603f856cf3","name":"rouge-gorge"}]}},"_links":{"self":[{"href":"https:\/\/caravanrepair.eu\/fr\/wp-json\/wp\/v2\/posts\/27804","targetHints":{"allow":["GET"]}}],"collection":[{"href":"https:\/\/caravanrepair.eu\/fr\/wp-json\/wp\/v2\/posts"}],"about":[{"href":"https:\/\/caravanrepair.eu\/fr\/wp-json\/wp\/v2\/types\/post"}],"author":[{"embeddable":true,"href":"https:\/\/caravanrepair.eu\/fr\/wp-json\/wp\/v2\/users\/5"}],"replies":[{"embeddable":true,"href":"https:\/\/caravanrepair.eu\/fr\/wp-json\/wp\/v2\/comments?post=27804"}],"version-history":[{"count":5,"href":"https:\/\/caravanrepair.eu\/fr\/wp-json\/wp\/v2\/posts\/27804\/revisions"}],"predecessor-version":[{"id":28081,"href":"https:\/\/caravanrepair.eu\/fr\/wp-json\/wp\/v2\/posts\/27804\/revisions\/28081"}],"wp:featuredmedia":[{"embeddable":true,"href":"https:\/\/caravanrepair.eu\/fr\/wp-json\/wp\/v2\/media\/27819"}],"wp:attachment":[{"href":"https:\/\/caravanrepair.eu\/fr\/wp-json\/wp\/v2\/media?parent=27804"}],"wp:term":[{"taxonomy":"category","embeddable":true,"href":"https:\/\/caravanrepair.eu\/fr\/wp-json\/wp\/v2\/categories?post=27804"},{"taxonomy":"post_tag","embeddable":true,"href":"https:\/\/caravanrepair.eu\/fr\/wp-json\/wp\/v2\/tags?post=27804"}],"curies":[{"name":"wp","href":"https:\/\/api.w.org\/{rel}","templated":true}]}}