{"id":27804,"date":"2019-03-21T12:32:32","date_gmt":"2019-03-21T11:32:32","guid":{"rendered":"https:\/\/caravanrepair.eu\/geen-onderdeel-van-een-categorie\/opleiding-caravantechnicus-opleiding-caravanwand-schade-specialist\/"},"modified":"2026-06-29T18:45:49","modified_gmt":"2026-06-29T16:45:49","slug":"wiaty-na-przyczepy-kempingowe","status":"publish","type":"post","link":"https:\/\/caravanrepair.eu\/pl\/caravanrepair-nieuws\/opleiding-caravantechnicus-opleiding-caravanwand-schade-specialist\/","title":{"rendered":"Szkolenie technika przyczep kempingowych"},"content":{"rendered":"<div data-elementor-type=\"wp-post\" data-elementor-id=\"27804\" class=\"elementor elementor-27804\" data-elementor-post-type=\"post\">\n\t\t\t\t<div class=\"elementor-element elementor-element-77e27a0 e-flex e-con-boxed e-con e-parent\" data-id=\"77e27a0\" data-element_type=\"container\" data-e-type=\"container\" data-settings=\"{&quot;background_background&quot;:&quot;classic&quot;,&quot;shape_divider_bottom&quot;:&quot;waves&quot;}\">\n\t\t\t\t\t<div class=\"e-con-inner\">\n\t\t\t\t<div class=\"elementor-shape elementor-shape-bottom\" aria-hidden=\"true\" data-negative=\"false\">\n\t\t\t<svg xmlns=\"http:\/\/www.w3.org\/2000\/svg\" viewbox=\"0 0 1000 100\" preserveaspectratio=\"none\">\n\t<path class=\"elementor-shape-fill\" d=\"M421.9,6.5c22.6-2.5,51.5,0.4,75.5,5.3c23.6,4.9,70.9,23.5,100.5,35.7c75.8,32.2,133.7,44.5,192.6,49.7\tc23.6,2.1,48.7,3.5,103.4-2.5c54.7-6,106.2-25.6,106.2-25.6V0H0v30.3c0,0,72,32.6,158.4,30.5c39.2-0.7,92.8-6.7,134-22.4\tc21.2-8.1,52.2-18.2,79.7-24.2C399.3,7.9,411.6,7.5,421.9,6.5z\"\/>\n<\/svg>\t\t<\/div>\n\t\t<div class=\"elementor-element elementor-element-aa371de e-con-full e-flex e-con e-child\" data-id=\"aa371de\" data-element_type=\"container\" data-e-type=\"container\">\n\t\t\t\t<div class=\"elementor-element elementor-element-6152c03 elementor-widget__width-auto backdrop-blur elementor-icon-list--layout-traditional elementor-list-item-link-full_width elementor-widget elementor-widget-icon-list\" data-id=\"6152c03\" data-element_type=\"widget\" data-e-type=\"widget\" data-widget_type=\"icon-list.default\">\n\t\t\t\t<div class=\"elementor-widget-container\">\n\t\t\t\t\t\t\t<ul class=\"elementor-icon-list-items\">\n\t\t\t\t\t\t\t<li class=\"elementor-icon-list-item\">\n\t\t\t\t\t\t\t\t\t\t\t<span class=\"elementor-icon-list-icon\">\n\t\t\t\t\t\t\t<svg aria-hidden=\"true\" class=\"e-font-icon-svg e-fas-check-circle\" viewbox=\"0 0 512 512\" xmlns=\"http:\/\/www.w3.org\/2000\/svg\"><path d=\"M504 256c0 136.967-111.033 248-248 248S8 392.967 8 256 119.033 8 256 8s248 111.033 248 248zM227.314 387.314l184-184c6.248-6.248 6.248-16.379 0-22.627l-22.627-22.627c-6.248-6.249-16.379-6.249-22.628 0L216 308.118l-70.059-70.059c-6.248-6.248-16.379-6.248-22.628 0l-22.627 22.627c-6.248 6.248-6.248 16.379 0 22.627l104 104c6.249 6.249 16.379 6.249 22.628.001z\"><\/path><\/svg>\t\t\t\t\t\t<\/span>\n\t\t\t\t\t\t\t\t\t\t<span class=\"elementor-icon-list-text\">Aktualno\u015bci<\/span>\n\t\t\t\t\t\t\t\t\t<\/li>\n\t\t\t\t\t\t<\/ul>\n\t\t\t\t\t\t<\/div>\n\t\t\t\t<\/div>\n\t\t\t\t<div class=\"elementor-element elementor-element-2c95d88 elementor-widget elementor-widget-heading\" data-id=\"2c95d88\" data-element_type=\"widget\" data-e-type=\"widget\" data-widget_type=\"heading.default\">\n\t\t\t\t<div class=\"elementor-widget-container\">\n\t\t\t\t\t<h1 class=\"elementor-heading-title elementor-size-default\">Szkolenie technika przyczep kempingowych<\/h1>\t\t\t\t<\/div>\n\t\t\t\t<\/div>\n\t\t\t\t<div class=\"elementor-element elementor-element-59edc4b elementor-widget__width-initial elementor-widget elementor-widget-text-editor\" data-id=\"59edc4b\" data-element_type=\"widget\" data-e-type=\"widget\" data-widget_type=\"text-editor.default\">\n\t\t\t\t<div class=\"elementor-widget-container\">\n\t\t\t\t\t\t\t\t\t<p>Przeczytaj ten artyku\u0142 CaravanRepair o szkoleniu na technika naprawy przyczep oraz o szkoleniu na specjalist\u0119 ds. uszkodze\u0144 \u015bcian przyczep. Chcesz dowiedzie\u0107 si\u0119 wi\u0119cej o aktualnych mo\u017cliwo\u015bciach szkoleniowych? Zobacz stron\u0119 z ofert\u0105 szkole\u0144.<\/p>\t\t\t\t\t\t\t\t<\/div>\n\t\t\t\t<\/div>\n\t\t\t\t<\/div>\n\t\t<div class=\"elementor-element elementor-element-32e90d1 e-con-full e-flex e-con e-child\" data-id=\"32e90d1\" data-element_type=\"container\" data-e-type=\"container\">\n\t\t\t\t<div class=\"elementor-element elementor-element-ac9dc30 elementor-widget elementor-widget-shortcode\" data-id=\"ac9dc30\" data-element_type=\"widget\" data-e-type=\"widget\" id=\"schadeformulier\" data-widget_type=\"shortcode.default\">\n\t\t\t\t<div class=\"elementor-widget-container\">\n\t\t\t\t\t\t\t<div class=\"elementor-shortcode\">\t\t<div data-elementor-type=\"container\" data-elementor-id=\"25032\" class=\"elementor elementor-25032\" data-elementor-post-type=\"elementor_library\">\n\t\t\t\t<div class=\"elementor-element elementor-element-1a854c38 e-con-full e-flex e-con e-child\" data-id=\"1a854c38\" data-element_type=\"container\" data-e-type=\"container\">\n\t\t<div class=\"elementor-element elementor-element-2cd1ed88 e-con-full overflow_hidden animated-fast e-flex e-con e-child\" data-id=\"2cd1ed88\" data-element_type=\"container\" data-e-type=\"container\" data-settings=\"{&quot;background_background&quot;:&quot;classic&quot;,&quot;animation&quot;:&quot;none&quot;}\">\n\t\t\t\t<div class=\"elementor-element elementor-element-3d939271 elementor-widget-divider--view-line elementor-widget elementor-widget-divider\" data-id=\"3d939271\" data-element_type=\"widget\" data-e-type=\"widget\" data-widget_type=\"divider.default\">\n\t\t\t\t<div class=\"elementor-widget-container\">\n\t\t\t\t\t\t\t<div class=\"elementor-divider\">\n\t\t\t<span class=\"elementor-divider-separator\">\n\t\t\t\t\t\t<\/span>\n\t\t<\/div>\n\t\t\t\t\t\t<\/div>\n\t\t\t\t<\/div>\n\t\t\t\t<div class=\"elementor-element elementor-element-23abe5fb elementor-widget elementor-widget-shortcode\" data-id=\"23abe5fb\" data-element_type=\"widget\" data-e-type=\"widget\" data-widget_type=\"shortcode.default\">\n\t\t\t\t<div class=\"elementor-widget-container\">\n\t\t\t\t\t\t\t<div class=\"elementor-shortcode\"><h6 class=\"elementor-heading-title elementor-size-default\" data-no-translation>ZG\u0141O\u015a SZKOD\u0118 BEZ ZOBOWI\u0104ZA\u0143<\/h6><\/div>\n\t\t\t\t\t\t<\/div>\n\t\t\t\t<\/div>\n\t\t\t\t<div class=\"elementor-element elementor-element-655f6d37 elementor-widget elementor-widget-shortcode\" data-id=\"655f6d37\" data-element_type=\"widget\" data-e-type=\"widget\" data-widget_type=\"shortcode.default\">\n\t\t\t\t<div class=\"elementor-widget-container\">\n\t\t\t\t\t\t\t<div class=\"elementor-shortcode\"><div class=\"elementor-heading-title elementor-size-default\" data-no-translation>Wype\u0142nij ten formularz zg\u0142oszenia szkody <strong>bez zobowi\u0105za\u0144<\/strong><br>(skorzystaj z niego r\u00f3wnie\u017c w przypadku szkody ju\u017c zg\u0142oszonej)<\/div><\/div>\n\t\t\t\t\t\t<\/div>\n\t\t\t\t<\/div>\n\t\t\t\t<div class=\"elementor-element elementor-element-cr08b8286 elementor-widget elementor-widget-shortcode\" data-id=\"cr08b8286\" data-element_type=\"widget\" data-e-type=\"widget\" data-widget_type=\"shortcode.default\">\n\t\t\t\t<div class=\"elementor-widget-container\">\n\t\t\t\t\t\t\t<div class=\"elementor-shortcode\">    <form class=\"cr-damage-form cr-damage-form--compact\" data-no-translation novalidate action=\"\">\n        <input type=\"text\" name=\"website\" class=\"cr-damage-form__honeypot\" tabindex=\"-1\" autocomplete=\"off\">\n        <input type=\"hidden\" name=\"source_page\" value=\"https:\/\/caravanrepair.eu\/pl\/pl\/wp-json\/wp\/v2\/posts\/27804\">\n        <input type=\"hidden\" name=\"crdfm_language\" value=\"pl\">\n\n        <div class=\"cr-damage-form__panel is-active\" data-step-panel=\"1\">\n            <div class=\"cr-damage-form__grid\">\n                    <label class=\"cr-damage-form__field cr-damage-form__field--full\">\n        <span>imi\u0119 i nazwisko *<\/span>\n        <input type=\"text\" name=\"name\" required autocomplete=\"name\" placeholder=\"Imi\u0119 i nazwisko\">\n    <\/label>\n                        <label class=\"cr-damage-form__field\">\n        <span>kod pocztowy *<\/span>\n        <input type=\"text\" name=\"postcode\" required autocomplete=\"postal-code\" placeholder=\"kod pocztowy\">\n    <\/label>\n                        <label class=\"cr-damage-form__field\">\n        <span>miejscowo\u015b\u0107 *<\/span>\n        <input type=\"text\" name=\"place\" required autocomplete=\"address-level2\" placeholder=\"miejscowo\u015b\u0107\">\n    <\/label>\n                        <label class=\"cr-damage-form__field\">\n        <span>numer telefonu *<\/span>\n        <input type=\"tel\" name=\"phone\" required autocomplete=\"tel\" placeholder=\"numer telefonu\">\n    <\/label>\n                        <label class=\"cr-damage-form__field\">\n        <span>adres e-mail *<\/span>\n        <input type=\"email\" name=\"email\" required autocomplete=\"email\" placeholder=\"adres e-mail\">\n    <\/label>\n                <\/div>\n        <\/div>\n\n        <div class=\"cr-damage-form__panel\" data-step-panel=\"2\">\n            <div class=\"cr-damage-form__grid\">\n                <label class=\"cr-damage-form__field\">\n                    <span>przyczepa kempingowa lub kamper *<\/span>\n                    <select name=\"vehicle_type\" required>\n                        <option value=\"\">Wybierz opcj\u0119<\/option>\n                        <option value=\"Caravan\">Przyczepa kempingowa<\/option>\n                        <option value=\"Camper\">Kamper<\/option>\n                    <\/select>\n                <\/label>\n                    <label class=\"cr-damage-form__field\">\n        <span>marka *<\/span>\n        <input type=\"text\" name=\"brand\" required placeholder=\"marka\">\n    <\/label>\n                        <label class=\"cr-damage-form__field\">\n        <span>model \/ typ *<\/span>\n        <input type=\"text\" name=\"model_type\" required placeholder=\"model \/ typ\">\n    <\/label>\n                        <label class=\"cr-damage-form__field\">\n        <span>rok produkcji *<\/span>\n        <input type=\"number\" name=\"build_year\" required placeholder=\"rok produkcji\" min=\"2002\" max=\"2027\" inputmode=\"numeric\" data-minimum-build-year=\"2002\">\n    <\/label>\n                    <p class=\"cr-damage-form__build-year-note cr-damage-form__field--full\" data-build-year-message>Pojazd\u00f3w maj\u0105cych 25 lat lub wi\u0119cej nie mo\u017cna zg\u0142asza\u0107 za pomoc\u0105 tego formularza.<\/p>\n                <label class=\"cr-damage-form__field cr-damage-form__field--full\">\n                    <span>opis szkody *<\/span>\n                    <textarea name=\"damage_description\" rows=\"5\" required placeholder=\"Opisz szkod\u0119 mo\u017cliwie jak najdok\u0142adniej\"><\/textarea>\n                <\/label>\n            <\/div>\n        <\/div>\n\n        <div class=\"cr-damage-form__panel\" data-step-panel=\"3\">\n            <div class=\"cr-damage-form__upload\">\n                <label class=\"cr-damage-form__field cr-damage-form__field--full\">\n                    <span>Dodaj zdj\u0119cia<\/span>\n                    <input type=\"file\" name=\"photos\" accept=\"image\/*\" multiple>\n                <\/label>\n                <p class=\"cr-damage-form__help\">Zdj\u0119cia s\u0105 potrzebne do oceny szkody. Mo\u017cna je pomin\u0105\u0107 tylko w przypadku pytania lub szkody, kt\u00f3ra zosta\u0142a ju\u017c zg\u0142oszona.<\/p>\n                <p class=\"cr-damage-form__files\" data-file-summary>Nie wybrano jeszcze zdj\u0119\u0107<\/p>\n                <div class=\"cr-damage-form__preview\" data-preview><\/div>\n                <label class=\"cr-damage-form__photo-skip\">\n                    <input type=\"checkbox\" name=\"photos_waived\" value=\"1\" data-photo-waiver>\n                    <span>Nie dodaj\u0119 zdj\u0119\u0107 i rozumiem, \u017ce s\u0105 one potrzebne do oceny szkody.<\/span>\n                <\/label>\n            <\/div>\n        <\/div>\n\n        <div class=\"cr-damage-form__steps\" aria-label=\"Etapy formularza\">\n            <div class=\"cr-damage-form__step is-active\" data-step-indicator=\"1\"><span>1<\/span><strong>Dane<\/strong><\/div>\n            <div class=\"cr-damage-form__step\" data-step-indicator=\"2\"><span>2<\/span><strong>Pojazd<\/strong><\/div>\n            <div class=\"cr-damage-form__step\" data-step-indicator=\"3\"><span>3<\/span><strong>Zdj\u0119cia<\/strong><\/div>\n        <\/div>\n\n        <div class=\"cr-damage-form__status\" data-status aria-live=\"polite\"><\/div>\n\n        <div class=\"cr-damage-form__actions cr-damage-form__actions--single\" data-actions>\n            <button type=\"button\" class=\"cr-damage-form__button cr-damage-form__button--ghost\" data-prev-step hidden>Wstecz<\/button>\n            <button type=\"button\" class=\"cr-damage-form__button cr-damage-form__button--primary\" data-next-step>Dalej<\/button>\n            <button type=\"submit\" class=\"cr-damage-form__button cr-damage-form__button--primary\" data-submit-button hidden>Wy\u015blij<\/button>\n        <\/div>\n    <input type=\"hidden\" name=\"trp-form-language\" value=\"pl\"\/><\/form>\n    <\/div>\n\t\t\t\t\t\t<\/div>\n\t\t\t\t<\/div>\n\t\t\t\t<div class=\"elementor-element elementor-element-130121d8 elementor-icon-list--layout-inline elementor-align-center elementor-list-item-link-full_width elementor-widget elementor-widget-icon-list\" data-id=\"130121d8\" data-element_type=\"widget\" data-e-type=\"widget\" data-widget_type=\"icon-list.default\">\n\t\t\t\t<div class=\"elementor-widget-container\">\n\t\t\t\t\t\t\t<ul class=\"elementor-icon-list-items elementor-inline-items\">\n\t\t\t\t\t\t\t<li class=\"elementor-icon-list-item elementor-inline-item\">\n\t\t\t\t\t\t\t\t\t\t\t<span class=\"elementor-icon-list-icon\">\n\t\t\t\t\t\t\t<svg aria-hidden=\"true\" class=\"e-font-icon-svg e-fas-check-circle\" viewbox=\"0 0 512 512\" xmlns=\"http:\/\/www.w3.org\/2000\/svg\"><path d=\"M504 256c0 136.967-111.033 248-248 248S8 392.967 8 256 119.033 8 256 8s248 111.033 248 248zM227.314 387.314l184-184c6.248-6.248 6.248-16.379 0-22.627l-22.627-22.627c-6.248-6.249-16.379-6.249-22.628 0L216 308.118l-70.059-70.059c-6.248-6.248-16.379-6.248-22.628 0l-22.627 22.627c-6.248 6.248-6.248 16.379 0 22.627l104 104c6.249 6.249 16.379 6.249 22.628.001z\"><\/path><\/svg>\t\t\t\t\t\t<\/span>\n\t\t\t\t\t\t\t\t\t\t<span class=\"elementor-icon-list-text\">Certyfikowana sie\u0107 dealerska<\/span>\n\t\t\t\t\t\t\t\t\t<\/li>\n\t\t\t\t\t\t\t\t<li class=\"elementor-icon-list-item elementor-inline-item\">\n\t\t\t\t\t\t\t\t\t\t\t<span class=\"elementor-icon-list-icon\">\n\t\t\t\t\t\t\t<svg aria-hidden=\"true\" class=\"e-font-icon-svg e-fas-check-circle\" viewbox=\"0 0 512 512\" xmlns=\"http:\/\/www.w3.org\/2000\/svg\"><path d=\"M504 256c0 136.967-111.033 248-248 248S8 392.967 8 256 119.033 8 256 8s248 111.033 248 248zM227.314 387.314l184-184c6.248-6.248 6.248-16.379 0-22.627l-22.627-22.627c-6.248-6.249-16.379-6.249-22.628 0L216 308.118l-70.059-70.059c-6.248-6.248-16.379-6.248-22.628 0l-22.627 22.627c-6.248 6.248-6.248 16.379 0 22.627l104 104c6.249 6.249 16.379 6.249 22.628.001z\"><\/path><\/svg>\t\t\t\t\t\t<\/span>\n\t\t\t\t\t\t\t\t\t\t<span class=\"elementor-icon-list-text\">ponad 25 lat do\u015bwiadczenia<\/span>\n\t\t\t\t\t\t\t\t\t<\/li>\n\t\t\t\t\t\t<\/ul>\n\t\t\t\t\t\t<\/div>\n\t\t\t\t<\/div>\n\t\t\t\t<\/div>\n\t\t\t\t<\/div>\n\t\t\t\t<\/div>\n\t\t<\/div>\n\t\t\t\t\t\t<\/div>\n\t\t\t\t<\/div>\n\t\t\t\t<\/div>\n\t\t\t\t\t<\/div>\n\t\t\t\t<\/div>\n\t\t<section class=\"elementor-element elementor-element-30df8e3 e-con-full e-flex e-con e-parent\" data-id=\"30df8e3\" data-element_type=\"container\" data-e-type=\"container\" data-settings=\"{&quot;background_background&quot;:&quot;classic&quot;}\">\n\t\t\t\t<div class=\"elementor-element elementor-element-5306f54 elementor-widget elementor-widget-shortcode\" data-id=\"5306f54\" data-element_type=\"widget\" data-e-type=\"widget\" data-widget_type=\"shortcode.default\">\n\t\t\t\t<div class=\"elementor-widget-container\">\n\t\t\t\t\t\t\t<div class=\"elementor-shortcode\">\t\t<div data-elementor-type=\"section\" data-elementor-id=\"25766\" class=\"elementor elementor-25766\" data-elementor-post-type=\"elementor_library\">\n\t\t\t<section class=\"elementor-element elementor-element-c11f18f e-con-full e-flex e-con e-parent\" data-id=\"c11f18f\" data-element_type=\"container\" data-e-type=\"container\" data-settings=\"{&quot;background_background&quot;:&quot;classic&quot;}\">\n\t\t<div class=\"elementor-element elementor-element-225d429c e-flex e-con-boxed e-con e-child\" data-id=\"225d429c\" data-element_type=\"container\" data-e-type=\"container\">\n\t\t\t\t\t<div class=\"e-con-inner\">\n\t\t<div class=\"elementor-element elementor-element-39ea0620 e-con-full e-flex e-con e-child\" data-id=\"39ea0620\" data-element_type=\"container\" data-e-type=\"container\">\n\t\t\t\t<div class=\"elementor-element elementor-element-7f34d566 elementor-nav-menu__align-center elementor-nav-menu--dropdown-none elementor-widget elementor-widget-nav-menu\" data-id=\"7f34d566\" data-element_type=\"widget\" data-e-type=\"widget\" data-settings=\"{&quot;layout&quot;:&quot;horizontal&quot;,&quot;submenu_icon&quot;:{&quot;value&quot;:&quot;&lt;svg aria-hidden=\\&quot;true\\&quot; class=\\&quot;e-font-icon-svg e-fas-caret-down\\&quot; viewBox=\\&quot;0 0 320 512\\&quot; xmlns=\\&quot;http:\\\/\\\/www.w3.org\\\/2000\\\/svg\\&quot;&gt;&lt;path d=\\&quot;M31.3 192h257.3c17.8 0 26.7 21.5 14.1 34.1L174.1 354.8c-7.8 7.8-20.5 7.8-28.3 0L17.2 226.1C4.6 213.5 13.5 192 31.3 192z\\&quot;&gt;&lt;\\\/path&gt;&lt;\\\/svg&gt;&quot;,&quot;library&quot;:&quot;fa-solid&quot;}}\" data-widget_type=\"nav-menu.default\">\n\t\t\t\t<div class=\"elementor-widget-container\">\n\t\t\t\t\t\t\t\t<nav aria-label=\"Menu\" class=\"elementor-nav-menu--main elementor-nav-menu__container elementor-nav-menu--layout-horizontal e--pointer-none\">\n\t\t\t\t<ul id=\"menu-1-7f34d566\" class=\"elementor-nav-menu\"><li class=\"menu-item menu-item-type-post_type menu-item-object-page menu-item-25761\"><a href=\"https:\/\/caravanrepair.eu\/pl\/caravan-schade\/\" class=\"elementor-item\">Uszkodzenia przyczepy kempingowej<\/a><\/li>\n<li class=\"menu-item menu-item-type-post_type menu-item-object-page menu-item-25760\"><a href=\"https:\/\/caravanrepair.eu\/pl\/camper-schade\/\" class=\"elementor-item\">Uszkodzenia kampera<\/a><\/li>\n<li class=\"menu-item menu-item-type-post_type menu-item-object-page menu-item-25725\"><a href=\"https:\/\/caravanrepair.eu\/pl\/raamschade\/\" class=\"elementor-item\">Uszkodzenia okien<\/a><\/li>\n<li class=\"menu-item menu-item-type-post_type menu-item-object-page menu-item-25726\"><a href=\"https:\/\/caravanrepair.eu\/pl\/schade-dak-dakluik\/\" class=\"elementor-item\">Uszkodzenia dachu<\/a><\/li>\n<li class=\"menu-item menu-item-type-post_type menu-item-object-page menu-item-25728\"><a href=\"https:\/\/caravanrepair.eu\/pl\/schade-deuken-hagel\/\" class=\"elementor-item\">uszkodzenie przez grad<\/a><\/li>\n<li class=\"menu-item menu-item-type-post_type menu-item-object-page menu-item-25759\"><a href=\"https:\/\/caravanrepair.eu\/pl\/schade-vloer\/\" class=\"elementor-item\">Uszkodzenia pod\u0142ogi<\/a><\/li>\n<li class=\"menu-item menu-item-type-post_type menu-item-object-page menu-item-26568\"><a href=\"https:\/\/caravanrepair.eu\/pl\/stormschade-caravan-camper\/\" class=\"elementor-item\">Szkody spowodowane burz\u0105<\/a><\/li>\n<li class=\"menu-item menu-item-type-post_type menu-item-object-page menu-item-26569\"><a href=\"https:\/\/caravanrepair.eu\/pl\/schade-lekkage-vocht\/\" class=\"elementor-item\">Szkody spowodowane wilgoci\u0105<\/a><\/li>\n<\/ul>\t\t\t<\/nav>\n\t\t\t\t\t\t<nav class=\"elementor-nav-menu--dropdown elementor-nav-menu__container\" aria-hidden=\"true\">\n\t\t\t\t<ul id=\"menu-2-7f34d566\" class=\"elementor-nav-menu\"><li class=\"menu-item menu-item-type-post_type menu-item-object-page menu-item-25761\"><a href=\"https:\/\/caravanrepair.eu\/pl\/caravan-schade\/\" class=\"elementor-item\" tabindex=\"-1\">Uszkodzenia przyczepy kempingowej<\/a><\/li>\n<li class=\"menu-item menu-item-type-post_type menu-item-object-page menu-item-25760\"><a href=\"https:\/\/caravanrepair.eu\/pl\/camper-schade\/\" class=\"elementor-item\" tabindex=\"-1\">Uszkodzenia kampera<\/a><\/li>\n<li class=\"menu-item menu-item-type-post_type menu-item-object-page menu-item-25725\"><a href=\"https:\/\/caravanrepair.eu\/pl\/raamschade\/\" class=\"elementor-item\" tabindex=\"-1\">Uszkodzenia okien<\/a><\/li>\n<li class=\"menu-item menu-item-type-post_type menu-item-object-page menu-item-25726\"><a href=\"https:\/\/caravanrepair.eu\/pl\/schade-dak-dakluik\/\" class=\"elementor-item\" tabindex=\"-1\">Uszkodzenia dachu<\/a><\/li>\n<li class=\"menu-item menu-item-type-post_type menu-item-object-page menu-item-25728\"><a href=\"https:\/\/caravanrepair.eu\/pl\/schade-deuken-hagel\/\" class=\"elementor-item\" tabindex=\"-1\">uszkodzenie przez grad<\/a><\/li>\n<li class=\"menu-item menu-item-type-post_type menu-item-object-page menu-item-25759\"><a href=\"https:\/\/caravanrepair.eu\/pl\/schade-vloer\/\" class=\"elementor-item\" tabindex=\"-1\">Uszkodzenia pod\u0142ogi<\/a><\/li>\n<li class=\"menu-item menu-item-type-post_type menu-item-object-page menu-item-26568\"><a href=\"https:\/\/caravanrepair.eu\/pl\/stormschade-caravan-camper\/\" class=\"elementor-item\" tabindex=\"-1\">Szkody spowodowane burz\u0105<\/a><\/li>\n<li class=\"menu-item menu-item-type-post_type menu-item-object-page menu-item-26569\"><a href=\"https:\/\/caravanrepair.eu\/pl\/schade-lekkage-vocht\/\" class=\"elementor-item\" tabindex=\"-1\">Szkody spowodowane wilgoci\u0105<\/a><\/li>\n<\/ul>\t\t\t<\/nav>\n\t\t\t\t\t\t<\/div>\n\t\t\t\t<\/div>\n\t\t\t\t<\/div>\n\t\t\t\t\t<\/div>\n\t\t\t\t<\/div>\n\t\t\t\t<\/section>\n\t\t\t\t<\/div>\n\t\t<\/div>\n\t\t\t\t\t\t<\/div>\n\t\t\t\t<\/div>\n\t\t\t\t<\/section>\n\t\t<section class=\"elementor-element elementor-element-c4b1174 e-con-boxed e-flex e-con e-parent\" data-id=\"c4b1174\" data-element_type=\"container\" data-e-type=\"container\" data-settings=\"{&quot;background_background&quot;:&quot;classic&quot;}\">\n\t\t\t\t\t<div class=\"e-con-inner\">\n\t\t<div class=\"elementor-element elementor-element-c102fa3 e-con-boxed e-flex e-con e-parent\" data-id=\"c102fa3\" data-element_type=\"container\" data-e-type=\"container\">\n\t\t\t\t\t<div class=\"e-con-inner\">\n\t\t<div class=\"elementor-element elementor-element-ce7d5a3 e-con-full e-flex e-con e-parent\" data-id=\"ce7d5a3\" data-element_type=\"container\" data-e-type=\"container\">\n\t\t\t\t<div class=\"elementor-element elementor-element-wbf5704 elementor-widget elementor-widget-image\" data-id=\"wbf5704\" data-element_type=\"widget\" data-e-type=\"widget\" data-widget_type=\"image.default\">\n\t\t\t\t<div class=\"elementor-widget-container\">\n\t\t\t\t\t\t\t\t\t\t\t\t\t\t\t<img fetchpriority=\"high\" decoding=\"async\" width=\"1200\" height=\"415\" src=\"https:\/\/caravanrepair.eu\/wp-content\/uploads\/2026\/06\/cr-blog-opleiding-caravantechnicus-opleiding-caravanwand-schade-specialist-featured-1-20260627.webp\" class=\"attachment-full size-full wp-image-27819\" alt=\"Szkolenie technika caravanu w CaravanRepair\" srcset=\"https:\/\/caravanrepair.eu\/wp-content\/uploads\/2026\/06\/cr-blog-opleiding-caravantechnicus-opleiding-caravanwand-schade-specialist-featured-1-20260627.webp 1200w, https:\/\/caravanrepair.eu\/wp-content\/uploads\/2026\/06\/cr-blog-opleiding-caravantechnicus-opleiding-caravanwand-schade-specialist-featured-1-20260627-300x104.webp 300w, https:\/\/caravanrepair.eu\/wp-content\/uploads\/2026\/06\/cr-blog-opleiding-caravantechnicus-opleiding-caravanwand-schade-specialist-featured-1-20260627-1024x354.webp 1024w, https:\/\/caravanrepair.eu\/wp-content\/uploads\/2026\/06\/cr-blog-opleiding-caravantechnicus-opleiding-caravanwand-schade-specialist-featured-1-20260627-768x266.webp 768w, https:\/\/caravanrepair.eu\/wp-content\/uploads\/2026\/06\/cr-blog-opleiding-caravantechnicus-opleiding-caravanwand-schade-specialist-featured-1-20260627-18x6.webp 18w\" sizes=\"(max-width: 1200px) 100vw, 1200px\" \/>\t\t\t\t\t\t\t\t\t\t\t\t\t\t\t<\/div>\n\t\t\t\t<\/div>\n\t\t\t\t<div class=\"elementor-element elementor-element-w1f3cab elementor-widget elementor-widget-text-editor\" data-id=\"w1f3cab\" data-element_type=\"widget\" data-e-type=\"widget\" data-widget_type=\"text-editor.default\">\n\t\t\t\t<div class=\"elementor-widget-container\">\n\t\t\t\t\t\t\t\t\t<p>We\u017a udzia\u0142 w szkoleniu dla technik\u00f3w przyczep kempingowych w CaravanRepair\u00ae<\/p>\t\t\t\t\t\t\t\t<\/div>\n\t\t\t\t<\/div>\n\t\t\t\t<div class=\"elementor-element elementor-element-w879510 elementor-widget elementor-widget-text-editor\" data-id=\"w879510\" data-element_type=\"widget\" data-e-type=\"widget\" data-widget_type=\"text-editor.default\">\n\t\t\t\t<div class=\"elementor-widget-container\">\n\t\t\t\t\t\t\t\t\t<p>Naprawa przyczepy kempingowej wymaga sporo pracy.<\/p>\t\t\t\t\t\t\t\t<\/div>\n\t\t\t\t<\/div>\n\t\t\t\t<div class=\"elementor-element elementor-element-w88160d elementor-widget elementor-widget-image\" data-id=\"w88160d\" data-element_type=\"widget\" data-e-type=\"widget\" data-widget_type=\"image.default\">\n\t\t\t\t<div class=\"elementor-widget-container\">\n\t\t\t\t\t\t\t\t\t\t\t\t\t\t\t<img decoding=\"async\" width=\"1024\" height=\"765\" src=\"https:\/\/caravanrepair.eu\/wp-content\/uploads\/2026\/06\/cr-blog-opleiding-caravantechnicus-opleiding-caravanwand-schade-specialist-content-2-20260627.webp\" class=\"attachment-full size-full wp-image-27820\" alt=\"Centrum szkoleniowe dla kszta\u0142cenia technika caravanowego\" srcset=\"https:\/\/caravanrepair.eu\/wp-content\/uploads\/2026\/06\/cr-blog-opleiding-caravantechnicus-opleiding-caravanwand-schade-specialist-content-2-20260627.webp 1024w, https:\/\/caravanrepair.eu\/wp-content\/uploads\/2026\/06\/cr-blog-opleiding-caravantechnicus-opleiding-caravanwand-schade-specialist-content-2-20260627-300x224.webp 300w, https:\/\/caravanrepair.eu\/wp-content\/uploads\/2026\/06\/cr-blog-opleiding-caravantechnicus-opleiding-caravanwand-schade-specialist-content-2-20260627-768x574.webp 768w, https:\/\/caravanrepair.eu\/wp-content\/uploads\/2026\/06\/cr-blog-opleiding-caravantechnicus-opleiding-caravanwand-schade-specialist-content-2-20260627-16x12.webp 16w\" sizes=\"(max-width: 1024px) 100vw, 1024px\" \/>\t\t\t\t\t\t\t\t\t\t\t\t\t\t\t<\/div>\n\t\t\t\t<\/div>\n\t\t\t\t<div class=\"elementor-element elementor-element-wbed780 elementor-widget elementor-widget-text-editor\" data-id=\"wbed780\" data-element_type=\"widget\" data-e-type=\"widget\" data-widget_type=\"text-editor.default\">\n\t\t\t\t<div class=\"elementor-widget-container\">\n\t\t\t\t\t\t\t\t\t<p>Szkolenie technika przyczep kempingowych? Przejd\u017a u nas dok\u0142adne szkolenie jako technik przyczep kempingowych. Posiadamy w\u0142asne centrum szkoleniowe z profesjonalnymi i wykwalifikowanymi trenerami z wieloletnim do\u015bwiadczeniem, kt\u00f3rzy pracuj\u0105 w oparciu o solidny i profesjonalny system naprawczy high-tech firmy CaravanRepair Group. Wszystkie oferowane szkolenia s\u0105 ca\u0142kowicie zorientowane na praktyk\u0119 i odbywaj\u0105 si\u0119 w centrum szkoleniowym z nowoczesnym zapleczem szkoleniowym. Dok\u0142adne i zorientowane na praktyk\u0119 szkolenie technika przyczep kempingowych odbywa si\u0119 w ma\u0142ych grupach lub, w razie potrzeby, indywidualnie. Szkolimy technik\u00f3w w zakresie naprawy wszelkiego rodzaju profilowanych \u015bcian przyczep kempingowych i kamper\u00f3w.<\/p>\t\t\t\t\t\t\t\t<\/div>\n\t\t\t\t<\/div>\n\t\t\t\t<div class=\"elementor-element elementor-element-wd7cd47 elementor-widget elementor-widget-text-editor\" data-id=\"wd7cd47\" data-element_type=\"widget\" data-e-type=\"widget\" data-widget_type=\"text-editor.default\">\n\t\t\t\t<div class=\"elementor-widget-container\">\n\t\t\t\t\t\t\t\t\t<p>Technologia przyczep kempingowych staje si\u0119 coraz bardziej z\u0142o\u017cona i skomplikowana, coraz cz\u0119\u015bciej stosuje si\u0119 inne i nowsze techniki, na przyk\u0142ad klejenie, uk\u0142adanie i stosowanie innych, l\u017cejszych materia\u0142\u00f3w na \u015bciany przyczep kempingowych. Dlatego uko\u0144czenie kursu technika przyczep kempingowych to m\u0105dry wyb\u00f3r.<\/p>\t\t\t\t\t\t\t\t<\/div>\n\t\t\t\t<\/div>\n\t\t\t\t<div class=\"elementor-element elementor-element-wecdc2d elementor-widget elementor-widget-text-editor\" data-id=\"wecdc2d\" data-element_type=\"widget\" data-e-type=\"widget\" data-widget_type=\"text-editor.default\">\n\t\t\t\t<div class=\"elementor-widget-container\">\n\t\t\t\t\t\t\t\t\t<p>R\u00f3wnie\u017c ubezpieczyciele coraz cz\u0119\u015bciej kontroluj\u0105, czy uszkodzenia \u015bcian przyczep kempingowych nale\u017cy naprawia\u0107 w\u00f3wczas, gdy jest to mo\u017cliwe. Naprawa \u015bcian przyczepy kempingowej lub kampera jest op\u0142acalna i wyd\u0142u\u017ca \u017cywotno\u015b\u0107 przyczepy. Nie trzeba w\u00f3wczas montowa\u0107 ca\u0142kowicie nowej \u015bciany przyczepy, a przy tym unika si\u0119 ryzyka przeciek\u00f3w. Dzi\u0119ki dobrej edukacji technika serwisu przyczep kempingowych wiesz, co wszystko wchodzi w gr\u0119, aby wykona\u0107 idealn\u0105 napraw\u0119.<\/p><p><a href=\"https:\/\/caravanrepair.eu\/pl\/szkolenie-z-naprawy-scian-przyczep-kempingowych\/\">Wi\u0119cej informacji na temat konkretnych kurs\u00f3w szkoleniowych znajduje si\u0119 r\u00f3wnie\u017c na naszej g\u0142\u00f3wnej stronie po\u015bwi\u0119conej szkoleniom w zakresie naprawy \u015bcian przyczep kempingowych.<\/a><\/p>\t\t\t\t\t\t\t\t<\/div>\n\t\t\t\t<\/div>\n\t\t\t\t<div class=\"elementor-element elementor-element-w43f03e elementor-widget elementor-widget-text-editor\" data-id=\"w43f03e\" data-element_type=\"widget\" data-e-type=\"widget\" data-widget_type=\"text-editor.default\">\n\t\t\t\t<div class=\"elementor-widget-container\">\n\t\t\t\t\t\t\t\t\t<p>W centrum szkoleniowym CaravanRepair\u00ae trafi\u0142e\u015b we w\u0142a\u015bciwe miejsce na profesjonalne szkolenie.<\/p>\t\t\t\t\t\t\t\t<\/div>\n\t\t\t\t<\/div>\n\t\t\t\t<div class=\"elementor-element elementor-element-w37470b elementor-widget elementor-widget-text-editor\" data-id=\"w37470b\" data-element_type=\"widget\" data-e-type=\"widget\" data-widget_type=\"text-editor.default\">\n\t\t\t\t<div class=\"elementor-widget-container\">\n\t\t\t\t\t\t\t\t\t<p>Szkolimy monter\u00f3w w zakresie naprawy wszystkich profilowanych \u015bcian przyczep kempingowych, korzystaj\u0105c z rozbudowanego programu szkoleniowego, kt\u00f3ry jest do Pa\u0144stwa dyspozycji. Szkolenie \u201etechnik caravan w zakresie naprawy \u015bcian przyczepy kempingowej\u201d jest przeznaczone dla ka\u017cdego montera, kt\u00f3ry zajmuje si\u0119 lub chce zajmowa\u0107 si\u0119 napraw\u0105 \u015bcian przyczepy kempingowej lub kampera.<\/p><p>Dla specjalnych szkole\u0144 z naprawy \u015bcian przyczep kempingowych (struktur) wymagane jest kilkuletnie do\u015bwiadczenie w naprawie \u015bcian przyczep. W ramach tego szkolenia wykorzystuje si\u0119 techniki i produkty, kt\u00f3re zosta\u0142y specjalnie dopasowane do tej naprawy. Wymaga to wiedzy i odpowiedniego poziomu. <a href=\"https:\/\/caravanrepair.eu\/pl\/szkolenia\/\">Sprawd\u017a tak\u017ce wi\u0119cej informacji na stronie szkole\u0144.<\/a><\/p><p>Czy zosta\u0142e\u015b\/zosta\u0142a\u015b zainteresowany\/a i pracujesz w bran\u017cy karawan\u00f3w lub camper\u00f3w? Zobacz stron\u0119 z kursami i szkoleniami, a nast\u0119pnie skontaktuj si\u0119 z nami \u2014 odezwiemy si\u0119 do Pa\u0144stwa mo\u017cliwie najszybciej.<\/p>\t\t\t\t\t\t\t\t<\/div>\n\t\t\t\t<\/div>\n\t\t\t\t<div class=\"elementor-element elementor-element-a940001 elementor-widget elementor-widget-button\" data-id=\"a940001\" data-element_type=\"widget\" data-e-type=\"widget\" data-widget_type=\"button.default\">\n\t\t\t\t<div class=\"elementor-widget-container\">\n\t\t\t\t\t\t\t\t\t<div class=\"elementor-button-wrapper\">\n\t\t\t\t\t<a class=\"elementor-button elementor-button-link elementor-size-sm\" href=\"https:\/\/caravanrepair.eu\/pl\/szkolenia\/\">\n\t\t\t\t\t\t<span class=\"elementor-button-content-wrapper\">\n\t\t\t\t\t\t\t\t\t<span class=\"elementor-button-text\">Zobacz szkolenia<\/span>\n\t\t\t\t\t<\/span>\n\t\t\t\t\t<\/a>\n\t\t\t\t<\/div>\n\t\t\t\t\t\t\t\t<\/div>\n\t\t\t\t<\/div>\n\t\t\t\t<\/div>\n\t\t<div class=\"elementor-element elementor-element-c455893 e-con-full e-flex e-con e-parent\" data-id=\"c455893\" data-element_type=\"container\" data-e-type=\"container\">\n\t\t\t\t<div class=\"elementor-element elementor-element-wdbb751 elementor-widget elementor-widget-heading\" data-id=\"wdbb751\" data-element_type=\"widget\" data-e-type=\"widget\" data-widget_type=\"heading.default\">\n\t\t\t\t<div class=\"elementor-widget-container\">\n\t\t\t\t\t<h3 class=\"elementor-heading-title elementor-size-default\">Najnowsze wiadomo\u015bci<\/h3>\t\t\t\t<\/div>\n\t\t\t\t<\/div>\n\t\t\t\t<div class=\"elementor-element elementor-element-w0dd308 elementor-grid-1 elementor-grid-tablet-1 elementor-grid-mobile-1 elementor-posts--thumbnail-top elementor-widget elementor-widget-posts\" data-id=\"w0dd308\" data-element_type=\"widget\" data-e-type=\"widget\" id=\"latest_news_sidebar\" data-settings=\"{&quot;classic_columns&quot;:&quot;1&quot;,&quot;classic_columns_tablet&quot;:&quot;1&quot;,&quot;classic_columns_mobile&quot;:&quot;1&quot;,&quot;classic_row_gap&quot;:{&quot;unit&quot;:&quot;px&quot;,&quot;size&quot;:16,&quot;sizes&quot;:[]},&quot;classic_row_gap_tablet&quot;:{&quot;unit&quot;:&quot;px&quot;,&quot;size&quot;:&quot;&quot;,&quot;sizes&quot;:[]},&quot;classic_row_gap_mobile&quot;:{&quot;unit&quot;:&quot;px&quot;,&quot;size&quot;:&quot;&quot;,&quot;sizes&quot;:[]}}\" data-widget_type=\"posts.classic\">\n\t\t\t\t<div class=\"elementor-widget-container\">\n\t\t\t\t\t\t\t<div class=\"elementor-posts-container elementor-posts elementor-posts--skin-classic elementor-grid\" role=\"list\">\n\t\t\t\t<article class=\"elementor-post elementor-grid-item post-27800 post type-post status-publish format-standard has-post-thumbnail hentry category-caravanrepair-nieuws\" role=\"listitem\">\n\t\t\t\t<a class=\"elementor-post__thumbnail__link\" href=\"https:\/\/caravanrepair.eu\/pl\/caravanrepair-nieuws\/unieke-hagelwerende-coating\/\" tabindex=\"-1\" >\n\t\t\t<div class=\"elementor-post__thumbnail\"><img decoding=\"async\" width=\"800\" height=\"600\" src=\"https:\/\/caravanrepair.eu\/wp-content\/uploads\/2026\/06\/cr-blog-unieke-hagelwerende-coating-featured-1-20260627-1024x768.webp\" class=\"attachment-large size-large wp-image-27814\" alt=\"Camper nad morzem jako obraz przy pow\u0142oce ochronnej na grad\" srcset=\"https:\/\/caravanrepair.eu\/wp-content\/uploads\/2026\/06\/cr-blog-unieke-hagelwerende-coating-featured-1-20260627-1024x768.webp 1024w, https:\/\/caravanrepair.eu\/wp-content\/uploads\/2026\/06\/cr-blog-unieke-hagelwerende-coating-featured-1-20260627-300x225.webp 300w, https:\/\/caravanrepair.eu\/wp-content\/uploads\/2026\/06\/cr-blog-unieke-hagelwerende-coating-featured-1-20260627-768x576.webp 768w, https:\/\/caravanrepair.eu\/wp-content\/uploads\/2026\/06\/cr-blog-unieke-hagelwerende-coating-featured-1-20260627-16x12.webp 16w, https:\/\/caravanrepair.eu\/wp-content\/uploads\/2026\/06\/cr-blog-unieke-hagelwerende-coating-featured-1-20260627.webp 1200w\" sizes=\"(max-width: 800px) 100vw, 800px\" \/><\/div>\n\t\t<\/a>\n\t\t\t\t<div class=\"elementor-post__text\">\n\t\t\t\t<h4 class=\"elementor-post__title\">\n\t\t\t<a href=\"https:\/\/caravanrepair.eu\/pl\/caravanrepair-nieuws\/unieke-hagelwerende-coating\/\" >\n\t\t\t\tUnikalna pow\u0142oka odporna na grad\t\t\t<\/a>\n\t\t<\/h4>\n\t\t\t\t<div class=\"elementor-post__excerpt\">\n\t\t\t<p>O unikalnej, przeciwgradowej pow\u0142oce ochronnej do dach\u00f3w przyczep kempingowych i samochod\u00f3w kempingowych oraz zabezpieczeniu przed uszkodzeniami spowodowanymi gradem, nieszczelno\u015bci\u0105 dachu i uszkodzeniami wilgoci.<\/p>\n\t\t<\/div>\n\t\t\n\t\t<a class=\"elementor-post__read-more\" href=\"https:\/\/caravanrepair.eu\/pl\/caravanrepair-nieuws\/unieke-hagelwerende-coating\/\" aria-label=\"Przeczytaj wi\u0119cej o wyj\u0105tkowej pow\u0142oce odpornej na grad\" tabindex=\"-1\" >\n\t\t\tCzytaj dalej\t\t<\/a>\n\n\t\t\t\t<\/div>\n\t\t\t\t<\/article>\n\t\t\t\t<article class=\"elementor-post elementor-grid-item post-27801 post type-post status-publish format-standard has-post-thumbnail hentry category-caravanrepair-nieuws\" role=\"listitem\">\n\t\t\t\t<a class=\"elementor-post__thumbnail__link\" href=\"https:\/\/caravanrepair.eu\/pl\/caravanrepair-nieuws\/caravanvloer-injecteren-repareren\/\" tabindex=\"-1\" >\n\t\t\t<div class=\"elementor-post__thumbnail\"><img loading=\"lazy\" decoding=\"async\" width=\"800\" height=\"336\" src=\"https:\/\/caravanrepair.eu\/wp-content\/uploads\/2026\/06\/cr-blog-caravanvloer-injecteren-repareren-featured-1-20260627.webp\" class=\"attachment-large size-large wp-image-27815\" alt=\"Samoch\u00f3d z przyczep\u0105 kempingow\u0105 na drodze\" srcset=\"https:\/\/caravanrepair.eu\/wp-content\/uploads\/2026\/06\/cr-blog-caravanvloer-injecteren-repareren-featured-1-20260627.webp 1000w, https:\/\/caravanrepair.eu\/wp-content\/uploads\/2026\/06\/cr-blog-caravanvloer-injecteren-repareren-featured-1-20260627-300x126.webp 300w, https:\/\/caravanrepair.eu\/wp-content\/uploads\/2026\/06\/cr-blog-caravanvloer-injecteren-repareren-featured-1-20260627-768x323.webp 768w, https:\/\/caravanrepair.eu\/wp-content\/uploads\/2026\/06\/cr-blog-caravanvloer-injecteren-repareren-featured-1-20260627-18x8.webp 18w\" sizes=\"(max-width: 800px) 100vw, 800px\" \/><\/div>\n\t\t<\/a>\n\t\t\t\t<div class=\"elementor-post__text\">\n\t\t\t\t<h4 class=\"elementor-post__title\">\n\t\t\t<a href=\"https:\/\/caravanrepair.eu\/pl\/caravanrepair-nieuws\/caravanvloer-injecteren-repareren\/\" >\n\t\t\t\tWstrzykn\u0105\u0107\/naprawi\u0107 pod\u0142og\u0119 przyczepy kempingowej\t\t\t<\/a>\n\t\t<\/h4>\n\t\t\t\t<div class=\"elementor-post__excerpt\">\n\t\t\t<p>Wyja\u015bnienie dotycz\u0105ce wstrzykiwania lub naprawy pod\u0142ogi w przyczepie kempingowej, pod\u0142\u00f3g spr\u0119\u017cystych oraz kiedy warto zleci\u0107 ocen\u0119 specjali\u015bcie.<\/p>\n\t\t<\/div>\n\t\t\n\t\t<a class=\"elementor-post__read-more\" href=\"https:\/\/caravanrepair.eu\/pl\/caravanrepair-nieuws\/caravanvloer-injecteren-repareren\/\" aria-label=\"Przeczytaj wi\u0119cej o Wstrzykiwaniu\/naprawie pod\u0142ogi przyczepy kempingowej\" tabindex=\"-1\" >\n\t\t\tCzytaj dalej\t\t<\/a>\n\n\t\t\t\t<\/div>\n\t\t\t\t<\/article>\n\t\t\t\t<article class=\"elementor-post elementor-grid-item post-27804 post type-post status-publish format-standard has-post-thumbnail hentry category-caravanrepair-nieuws\" role=\"listitem\">\n\t\t\t\t<a class=\"elementor-post__thumbnail__link\" href=\"https:\/\/caravanrepair.eu\/pl\/caravanrepair-nieuws\/opleiding-caravantechnicus-opleiding-caravanwand-schade-specialist\/\" tabindex=\"-1\" >\n\t\t\t<div class=\"elementor-post__thumbnail\"><img loading=\"lazy\" decoding=\"async\" width=\"800\" height=\"277\" src=\"https:\/\/caravanrepair.eu\/wp-content\/uploads\/2026\/06\/cr-blog-opleiding-caravantechnicus-opleiding-caravanwand-schade-specialist-featured-1-20260627-1024x354.webp\" class=\"attachment-large size-large wp-image-27819\" alt=\"Szkolenie technika caravanu w CaravanRepair\" srcset=\"https:\/\/caravanrepair.eu\/wp-content\/uploads\/2026\/06\/cr-blog-opleiding-caravantechnicus-opleiding-caravanwand-schade-specialist-featured-1-20260627-1024x354.webp 1024w, https:\/\/caravanrepair.eu\/wp-content\/uploads\/2026\/06\/cr-blog-opleiding-caravantechnicus-opleiding-caravanwand-schade-specialist-featured-1-20260627-300x104.webp 300w, https:\/\/caravanrepair.eu\/wp-content\/uploads\/2026\/06\/cr-blog-opleiding-caravantechnicus-opleiding-caravanwand-schade-specialist-featured-1-20260627-768x266.webp 768w, https:\/\/caravanrepair.eu\/wp-content\/uploads\/2026\/06\/cr-blog-opleiding-caravantechnicus-opleiding-caravanwand-schade-specialist-featured-1-20260627-18x6.webp 18w, https:\/\/caravanrepair.eu\/wp-content\/uploads\/2026\/06\/cr-blog-opleiding-caravantechnicus-opleiding-caravanwand-schade-specialist-featured-1-20260627.webp 1200w\" sizes=\"(max-width: 800px) 100vw, 800px\" \/><\/div>\n\t\t<\/a>\n\t\t\t\t<div class=\"elementor-post__text\">\n\t\t\t\t<h4 class=\"elementor-post__title\">\n\t\t\t<a href=\"https:\/\/caravanrepair.eu\/pl\/caravanrepair-nieuws\/opleiding-caravantechnicus-opleiding-caravanwand-schade-specialist\/\" >\n\t\t\t\tSzkolenie technika przyczep kempingowych\t\t\t<\/a>\n\t\t<\/h4>\n\t\t\t\t<div class=\"elementor-post__excerpt\">\n\t\t\t<p>O szkoleniu dla technika naprawy przyczep kempingowych oraz specjalisty od szk\u00f3d w tapicerce i \u015bcianach przyczep kempingowych w CaravanRepair\u00ae.<\/p>\n\t\t<\/div>\n\t\t\n\t\t<a class=\"elementor-post__read-more\" href=\"https:\/\/caravanrepair.eu\/pl\/caravanrepair-nieuws\/opleiding-caravantechnicus-opleiding-caravanwand-schade-specialist\/\" aria-label=\"Przeczytaj wi\u0119cej o szkoleniu dla technik\u00f3w przyczep kempingowych\" tabindex=\"-1\" >\n\t\t\tCzytaj dalej\t\t<\/a>\n\n\t\t\t\t<\/div>\n\t\t\t\t<\/article>\n\t\t\t\t<article class=\"elementor-post elementor-grid-item post-27802 post type-post status-publish format-standard has-post-thumbnail hentry category-caravanrepair-nieuws\" role=\"listitem\">\n\t\t\t\t<a class=\"elementor-post__thumbnail__link\" href=\"https:\/\/caravanrepair.eu\/pl\/caravanrepair-nieuws\/kampeerautotuning-zin-of-onzin\/\" tabindex=\"-1\" >\n\t\t\t<div class=\"elementor-post__thumbnail\"><img loading=\"lazy\" decoding=\"async\" width=\"640\" height=\"479\" src=\"https:\/\/caravanrepair.eu\/wp-content\/uploads\/2026\/06\/cr-blog-kampeerautotuning-zin-of-onzin-featured-1-20260627.webp\" class=\"attachment-large size-large wp-image-27816\" alt=\"Warsztat do tuningu kamper\u00f3w\" srcset=\"https:\/\/caravanrepair.eu\/wp-content\/uploads\/2026\/06\/cr-blog-kampeerautotuning-zin-of-onzin-featured-1-20260627.webp 640w, https:\/\/caravanrepair.eu\/wp-content\/uploads\/2026\/06\/cr-blog-kampeerautotuning-zin-of-onzin-featured-1-20260627-300x225.webp 300w, https:\/\/caravanrepair.eu\/wp-content\/uploads\/2026\/06\/cr-blog-kampeerautotuning-zin-of-onzin-featured-1-20260627-16x12.webp 16w\" sizes=\"(max-width: 640px) 100vw, 640px\" \/><\/div>\n\t\t<\/a>\n\t\t\t\t<div class=\"elementor-post__text\">\n\t\t\t\t<h4 class=\"elementor-post__title\">\n\t\t\t<a href=\"https:\/\/caravanrepair.eu\/pl\/caravanrepair-nieuws\/kampeerautotuning-zin-of-onzin\/\" >\n\t\t\t\tTuning kampera, sens czy bzdura?\t\t\t<\/a>\n\t\t<\/h4>\n\t\t\t\t<div class=\"elementor-post__excerpt\">\n\t\t\t<p>Dostrajanie kampera: czy warto regulowa\u0107 ustawienie zawor\u00f3w silnika w samochodach kempingowych i na co zwraca\u0107 uwag\u0119?<\/p>\n\t\t<\/div>\n\t\t\n\t\t<a class=\"elementor-post__read-more\" href=\"https:\/\/caravanrepair.eu\/pl\/caravanrepair-nieuws\/kampeerautotuning-zin-of-onzin\/\" aria-label=\"Przeczytaj wi\u0119cej o Tuning samochodu Camper, sens czy nonsens?\" tabindex=\"-1\" >\n\t\t\tCzytaj dalej\t\t<\/a>\n\n\t\t\t\t<\/div>\n\t\t\t\t<\/article>\n\t\t\t\t<article class=\"elementor-post elementor-grid-item post-27803 post type-post status-publish format-standard has-post-thumbnail hentry category-caravanrepair-nieuws\" role=\"listitem\">\n\t\t\t\t<a class=\"elementor-post__thumbnail__link\" href=\"https:\/\/caravanrepair.eu\/pl\/caravanrepair-nieuws\/caravan-en-camper-verzekeringen-onze-specialisten-kennen-alle-geheimen-voor-de-beste-caravan-en-camper-verzekering\/\" tabindex=\"-1\" >\n\t\t\t<div class=\"elementor-post__thumbnail\"><img loading=\"lazy\" decoding=\"async\" width=\"780\" height=\"420\" src=\"https:\/\/caravanrepair.eu\/wp-content\/uploads\/2026\/06\/cr-blog-caravan-en-camper-verzekeringen-onze-specialisten-kennen-alle-geheimen-voor-de-beste-caravan-en-camper-verzekering-featured-1-20260627.webp\" class=\"attachment-large size-large wp-image-27818\" alt=\"Karawan w g\u00f3rach\" srcset=\"https:\/\/caravanrepair.eu\/wp-content\/uploads\/2026\/06\/cr-blog-caravan-en-camper-verzekeringen-onze-specialisten-kennen-alle-geheimen-voor-de-beste-caravan-en-camper-verzekering-featured-1-20260627.webp 780w, https:\/\/caravanrepair.eu\/wp-content\/uploads\/2026\/06\/cr-blog-caravan-en-camper-verzekeringen-onze-specialisten-kennen-alle-geheimen-voor-de-beste-caravan-en-camper-verzekering-featured-1-20260627-300x162.webp 300w, https:\/\/caravanrepair.eu\/wp-content\/uploads\/2026\/06\/cr-blog-caravan-en-camper-verzekeringen-onze-specialisten-kennen-alle-geheimen-voor-de-beste-caravan-en-camper-verzekering-featured-1-20260627-768x414.webp 768w, https:\/\/caravanrepair.eu\/wp-content\/uploads\/2026\/06\/cr-blog-caravan-en-camper-verzekeringen-onze-specialisten-kennen-alle-geheimen-voor-de-beste-caravan-en-camper-verzekering-featured-1-20260627-18x10.webp 18w\" sizes=\"(max-width: 780px) 100vw, 780px\" \/><\/div>\n\t\t<\/a>\n\t\t\t\t<div class=\"elementor-post__text\">\n\t\t\t\t<h4 class=\"elementor-post__title\">\n\t\t\t<a href=\"https:\/\/caravanrepair.eu\/pl\/caravanrepair-nieuws\/caravan-en-camper-verzekeringen-onze-specialisten-kennen-alle-geheimen-voor-de-beste-caravan-en-camper-verzekering\/\" >\n\t\t\t\tNasi specjali\u015bci znaj\u0105 wszystkie sekrety najlepszego ubezpieczenia przyczep kempingowych i kamper\u00f3w.\t\t\t<\/a>\n\t\t<\/h4>\n\t\t\t\t<div class=\"elementor-post__excerpt\">\n\t\t\t<p>O ubezpieczeniach samochod\u00f3w kempingowych i kamper\u00f3w, ochronie warto\u015bci nowej, ochronie warto\u015bci zakupu, warto\u015bci rynkowej (warto\u015bci rzeczywistej) oraz naprawach po szkodzie za po\u015brednictwem w\u0142asnego dealera.<\/p>\n\t\t<\/div>\n\t\t\n\t\t<a class=\"elementor-post__read-more\" href=\"https:\/\/caravanrepair.eu\/pl\/caravanrepair-nieuws\/caravan-en-camper-verzekeringen-onze-specialisten-kennen-alle-geheimen-voor-de-beste-caravan-en-camper-verzekering\/\" aria-label=\"Czytaj wi\u0119cej o Nasi specjali\u015bci znaj\u0105 wszystkie sekrety najlepszego ubezpieczenia przyczep kempingowych i kamper\u00f3w.\" tabindex=\"-1\" >\n\t\t\tCzytaj dalej\t\t<\/a>\n\n\t\t\t\t<\/div>\n\t\t\t\t<\/article>\n\t\t\t\t<\/div>\n\t\t\n\t\t\t\t\t\t<\/div>\n\t\t\t\t<\/div>\n\t\t\t\t<div class=\"elementor-element elementor-element-w4670af elementor-widget elementor-widget-button\" data-id=\"w4670af\" data-element_type=\"widget\" data-e-type=\"widget\" data-widget_type=\"button.default\">\n\t\t\t\t<div class=\"elementor-widget-container\">\n\t\t\t\t\t\t\t\t\t<div class=\"elementor-button-wrapper\">\n\t\t\t\t\t<a class=\"elementor-button elementor-button-link elementor-size-sm\" href=\"https:\/\/caravanrepair.eu\/pl\/aktualnosci-dotyczace-naprawy-przyczep-kempingowych\/\">\n\t\t\t\t\t\t<span class=\"elementor-button-content-wrapper\">\n\t\t\t\t\t\t\t\t\t<span class=\"elementor-button-text\">Wszystkie wiadomo\u015bci\/newsy<\/span>\n\t\t\t\t\t<\/span>\n\t\t\t\t\t<\/a>\n\t\t\t\t<\/div>\n\t\t\t\t\t\t\t\t<\/div>\n\t\t\t\t<\/div>\n\t\t\t\t<\/div>\n\t\t\t\t\t<\/div>\n\t\t\t\t<\/div>\n\t\t\t\t\t<\/div>\n\t\t\t\t<\/section>\n\t\t\t\t<\/div>","protected":false},"excerpt":{"rendered":"<p>O szkoleniu dla technika naprawy przyczep kempingowych oraz specjalisty od szk\u00f3d w tapicerce i \u015bcianach przyczep kempingowych w CaravanRepair\u00ae.<\/p>","protected":false},"author":5,"featured_media":27819,"comment_status":"closed","ping_status":"","sticky":false,"template":"","format":"standard","meta":{"footnotes":""},"categories":[16],"tags":[],"class_list":["post-27804","post","type-post","status-publish","format-standard","has-post-thumbnail","hentry","category-caravanrepair-nieuws"],"yoast_head":"<!-- This site is optimized with the Yoast SEO Premium plugin v28.4 (Yoast SEO v28.4) - https:\/\/yoast.com\/product\/yoast-seo-premium-wordpress\/ -->\n<title>Opleiding Caravantechnicus - CaravanRepair&reg;<\/title>\n<meta name=\"description\" content=\"Opleiding caravantechnicus en caravanwand-schadespecialist bij CaravanRepair\u00ae: praktijkgericht leren herstellen van caravan- en camperwanden.\" \/>\n<meta name=\"robots\" content=\"index, follow, max-snippet:-1, max-image-preview:large, max-video-preview:-1\" \/>\n<link rel=\"canonical\" href=\"https:\/\/caravanrepair.eu\/pl\/aktualnosci-dotyczace-naprawy-przyczep-kempingowych\/wiaty-na-przyczepy-kempingowe\/\" \/>\n<meta property=\"og:locale\" content=\"pl_PL\" \/>\n<meta property=\"og:type\" content=\"article\" \/>\n<meta property=\"og:title\" content=\"Opleiding Caravantechnicus\" \/>\n<meta property=\"og:description\" content=\"Opleiding caravantechnicus en caravanwand-schadespecialist bij CaravanRepair\u00ae: praktijkgericht leren herstellen van caravan- en camperwanden.\" \/>\n<meta property=\"og:url\" content=\"https:\/\/caravanrepair.eu\/pl\/aktualnosci-dotyczace-naprawy-przyczep-kempingowych\/wiaty-na-przyczepy-kempingowe\/\" \/>\n<meta property=\"og:site_name\" content=\"CaravanRepair&reg;\" \/>\n<meta property=\"article:published_time\" content=\"2019-03-21T11:32:32+00:00\" \/>\n<meta property=\"article:modified_time\" content=\"2026-06-29T16:45:49+00:00\" \/>\n<meta property=\"og:image\" content=\"https:\/\/caravanrepair.eu\/wp-content\/uploads\/2026\/06\/cr-blog-opleiding-caravantechnicus-opleiding-caravanwand-schade-specialist-featured-1-20260627.webp\" \/>\n\t<meta property=\"og:image:width\" content=\"1200\" \/>\n\t<meta property=\"og:image:height\" content=\"415\" \/>\n\t<meta property=\"og:image:type\" content=\"image\/webp\" \/>\n<meta name=\"author\" content=\"robin\" \/>\n<meta name=\"twitter:card\" content=\"summary_large_image\" \/>\n<meta name=\"twitter:label1\" content=\"Napisane przez\" \/>\n\t<meta name=\"twitter:data1\" content=\"robin\" \/>\n\t<meta name=\"twitter:label2\" content=\"Szacowany czas czytania\" \/>\n\t<meta name=\"twitter:data2\" content=\"2 minuty\" \/>\n<script type=\"application\/ld+json\" class=\"yoast-schema-graph\">{\"@context\":\"https:\\\/\\\/schema.org\",\"@graph\":[{\"@type\":\"Article\",\"@id\":\"https:\\\/\\\/caravanrepair.eu\\\/caravanrepair-nieuws\\\/opleiding-caravantechnicus-opleiding-caravanwand-schade-specialist\\\/#article\",\"isPartOf\":{\"@id\":\"https:\\\/\\\/caravanrepair.eu\\\/caravanrepair-nieuws\\\/opleiding-caravantechnicus-opleiding-caravanwand-schade-specialist\\\/\"},\"author\":{\"name\":\"robin\",\"@id\":\"https:\\\/\\\/caravanrepair.eu\\\/#\\\/schema\\\/person\\\/f7286bf089d31db6ca7e7c603f856cf3\"},\"headline\":\"Opleiding Caravantechnicus\",\"datePublished\":\"2019-03-21T11:32:32+00:00\",\"dateModified\":\"2026-06-29T16:45:49+00:00\",\"mainEntityOfPage\":{\"@id\":\"https:\\\/\\\/caravanrepair.eu\\\/caravanrepair-nieuws\\\/opleiding-caravantechnicus-opleiding-caravanwand-schade-specialist\\\/\"},\"wordCount\":361,\"publisher\":{\"@id\":\"https:\\\/\\\/caravanrepair.eu\\\/#organization\"},\"image\":{\"@id\":\"https:\\\/\\\/caravanrepair.eu\\\/caravanrepair-nieuws\\\/opleiding-caravantechnicus-opleiding-caravanwand-schade-specialist\\\/#primaryimage\"},\"thumbnailUrl\":\"https:\\\/\\\/caravanrepair.eu\\\/wp-content\\\/uploads\\\/2026\\\/06\\\/cr-blog-opleiding-caravantechnicus-opleiding-caravanwand-schade-specialist-featured-1-20260627.webp\",\"articleSection\":[\"CaravanRepair Nieuws\"],\"inLanguage\":\"pl-PL\"},{\"@type\":\"WebPage\",\"@id\":\"https:\\\/\\\/caravanrepair.eu\\\/caravanrepair-nieuws\\\/opleiding-caravantechnicus-opleiding-caravanwand-schade-specialist\\\/\",\"url\":\"https:\\\/\\\/caravanrepair.eu\\\/caravanrepair-nieuws\\\/opleiding-caravantechnicus-opleiding-caravanwand-schade-specialist\\\/\",\"name\":\"Opleiding Caravantechnicus - CaravanRepair&reg;\",\"isPartOf\":{\"@id\":\"https:\\\/\\\/caravanrepair.eu\\\/#website\"},\"primaryImageOfPage\":{\"@id\":\"https:\\\/\\\/caravanrepair.eu\\\/caravanrepair-nieuws\\\/opleiding-caravantechnicus-opleiding-caravanwand-schade-specialist\\\/#primaryimage\"},\"image\":{\"@id\":\"https:\\\/\\\/caravanrepair.eu\\\/caravanrepair-nieuws\\\/opleiding-caravantechnicus-opleiding-caravanwand-schade-specialist\\\/#primaryimage\"},\"thumbnailUrl\":\"https:\\\/\\\/caravanrepair.eu\\\/wp-content\\\/uploads\\\/2026\\\/06\\\/cr-blog-opleiding-caravantechnicus-opleiding-caravanwand-schade-specialist-featured-1-20260627.webp\",\"datePublished\":\"2019-03-21T11:32:32+00:00\",\"dateModified\":\"2026-06-29T16:45:49+00:00\",\"description\":\"Opleiding caravantechnicus en caravanwand-schadespecialist bij CaravanRepair\u00ae: praktijkgericht leren herstellen van caravan- en camperwanden.\",\"breadcrumb\":{\"@id\":\"https:\\\/\\\/caravanrepair.eu\\\/caravanrepair-nieuws\\\/opleiding-caravantechnicus-opleiding-caravanwand-schade-specialist\\\/#breadcrumb\"},\"inLanguage\":\"pl-PL\",\"potentialAction\":[{\"@type\":\"ReadAction\",\"target\":[\"https:\\\/\\\/caravanrepair.eu\\\/caravanrepair-nieuws\\\/opleiding-caravantechnicus-opleiding-caravanwand-schade-specialist\\\/\"]}]},{\"@type\":\"ImageObject\",\"inLanguage\":\"pl-PL\",\"@id\":\"https:\\\/\\\/caravanrepair.eu\\\/caravanrepair-nieuws\\\/opleiding-caravantechnicus-opleiding-caravanwand-schade-specialist\\\/#primaryimage\",\"url\":\"https:\\\/\\\/caravanrepair.eu\\\/wp-content\\\/uploads\\\/2026\\\/06\\\/cr-blog-opleiding-caravantechnicus-opleiding-caravanwand-schade-specialist-featured-1-20260627.webp\",\"contentUrl\":\"https:\\\/\\\/caravanrepair.eu\\\/wp-content\\\/uploads\\\/2026\\\/06\\\/cr-blog-opleiding-caravantechnicus-opleiding-caravanwand-schade-specialist-featured-1-20260627.webp\",\"width\":1200,\"height\":415,\"caption\":\"Opleiding caravantechnicus bij CaravanRepair\"},{\"@type\":\"BreadcrumbList\",\"@id\":\"https:\\\/\\\/caravanrepair.eu\\\/caravanrepair-nieuws\\\/opleiding-caravantechnicus-opleiding-caravanwand-schade-specialist\\\/#breadcrumb\",\"itemListElement\":[{\"@type\":\"ListItem\",\"position\":1,\"name\":\"Home\",\"item\":\"https:\\\/\\\/caravanrepair.eu\\\/\"},{\"@type\":\"ListItem\",\"position\":2,\"name\":\"CaravanRepair Nieuws\",\"item\":\"https:\\\/\\\/caravanrepair.eu\\\/category\\\/caravanrepair-nieuws\\\/\"},{\"@type\":\"ListItem\",\"position\":3,\"name\":\"Opleiding Caravantechnicus\"}]},{\"@type\":\"WebSite\",\"@id\":\"https:\\\/\\\/caravanrepair.eu\\\/#website\",\"url\":\"https:\\\/\\\/caravanrepair.eu\\\/\",\"name\":\"CaravanRepair\u00ae\",\"description\":\"Professioneel schadeherstel voor caravan en camper\",\"publisher\":{\"@id\":\"https:\\\/\\\/caravanrepair.eu\\\/#organization\"},\"potentialAction\":[{\"@type\":\"SearchAction\",\"target\":{\"@type\":\"EntryPoint\",\"urlTemplate\":\"https:\\\/\\\/caravanrepair.eu\\\/?s={search_term_string}\"},\"query-input\":{\"@type\":\"PropertyValueSpecification\",\"valueRequired\":true,\"valueName\":\"search_term_string\"}}],\"inLanguage\":\"pl-PL\"},{\"@type\":\"Organization\",\"@id\":\"https:\\\/\\\/caravanrepair.eu\\\/#organization\",\"name\":\"CaravanRepair\u00ae\",\"url\":\"https:\\\/\\\/caravanrepair.eu\\\/\",\"logo\":{\"@type\":\"ImageObject\",\"inLanguage\":\"pl-PL\",\"@id\":\"https:\\\/\\\/caravanrepair.eu\\\/#\\\/schema\\\/logo\\\/image\\\/\",\"url\":\"https:\\\/\\\/caravanrepair.eu\\\/wp-content\\\/uploads\\\/2019\\\/01\\\/logo-caravanrepair.png\",\"contentUrl\":\"https:\\\/\\\/caravanrepair.eu\\\/wp-content\\\/uploads\\\/2019\\\/01\\\/logo-caravanrepair.png\",\"width\":353,\"height\":150,\"caption\":\"CaravanRepair\u00ae\"},\"image\":{\"@id\":\"https:\\\/\\\/caravanrepair.eu\\\/#\\\/schema\\\/logo\\\/image\\\/\"}},{\"@type\":\"Person\",\"@id\":\"https:\\\/\\\/caravanrepair.eu\\\/#\\\/schema\\\/person\\\/f7286bf089d31db6ca7e7c603f856cf3\",\"name\":\"robin\"}]}<\/script>\n<!-- \/ Yoast SEO Premium plugin. -->","yoast_head_json":{"title":"Szkolenie technika przyczep kempingowych - CaravanRepair\u00ae","description":"Szkolenie na technika caravanu i specjalist\u0119 od napraw szk\u00f3d w \u015bcianach przy CaravanRepair\u00ae: praktyczna nauka naprawy \u015bcian w przyczepach kempingowych i kamperach.","robots":{"index":"index","follow":"follow","max-snippet":"max-snippet:-1","max-image-preview":"max-image-preview:large","max-video-preview":"max-video-preview:-1"},"canonical":"https:\/\/caravanrepair.eu\/pl\/aktualnosci-dotyczace-naprawy-przyczep-kempingowych\/wiaty-na-przyczepy-kempingowe\/","og_locale":"pl_PL","og_type":"article","og_title":"Opleiding Caravantechnicus","og_description":"Opleiding caravantechnicus en caravanwand-schadespecialist bij CaravanRepair\u00ae: praktijkgericht leren herstellen van caravan- en camperwanden.","og_url":"https:\/\/caravanrepair.eu\/pl\/aktualnosci-dotyczace-naprawy-przyczep-kempingowych\/wiaty-na-przyczepy-kempingowe\/","og_site_name":"CaravanRepair&reg;","article_published_time":"2019-03-21T11:32:32+00:00","article_modified_time":"2026-06-29T16:45:49+00:00","og_image":[{"width":1200,"height":415,"url":"https:\/\/caravanrepair.eu\/wp-content\/uploads\/2026\/06\/cr-blog-opleiding-caravantechnicus-opleiding-caravanwand-schade-specialist-featured-1-20260627.webp","type":"image\/webp"}],"author":"robin","twitter_card":"summary_large_image","twitter_misc":{"Napisane przez":"robin","Szacowany czas czytania":"2 minuty"},"schema":{"@context":"https:\/\/schema.org","@graph":[{"@type":"Article","@id":"https:\/\/caravanrepair.eu\/caravanrepair-nieuws\/opleiding-caravantechnicus-opleiding-caravanwand-schade-specialist\/#article","isPartOf":{"@id":"https:\/\/caravanrepair.eu\/caravanrepair-nieuws\/opleiding-caravantechnicus-opleiding-caravanwand-schade-specialist\/"},"author":{"name":"robin","@id":"https:\/\/caravanrepair.eu\/#\/schema\/person\/f7286bf089d31db6ca7e7c603f856cf3"},"headline":"Opleiding Caravantechnicus","datePublished":"2019-03-21T11:32:32+00:00","dateModified":"2026-06-29T16:45:49+00:00","mainEntityOfPage":{"@id":"https:\/\/caravanrepair.eu\/caravanrepair-nieuws\/opleiding-caravantechnicus-opleiding-caravanwand-schade-specialist\/"},"wordCount":361,"publisher":{"@id":"https:\/\/caravanrepair.eu\/#organization"},"image":{"@id":"https:\/\/caravanrepair.eu\/caravanrepair-nieuws\/opleiding-caravantechnicus-opleiding-caravanwand-schade-specialist\/#primaryimage"},"thumbnailUrl":"https:\/\/caravanrepair.eu\/wp-content\/uploads\/2026\/06\/cr-blog-opleiding-caravantechnicus-opleiding-caravanwand-schade-specialist-featured-1-20260627.webp","articleSection":["CaravanRepair Nieuws"],"inLanguage":"pl-PL"},{"@type":"WebPage","@id":"https:\/\/caravanrepair.eu\/caravanrepair-nieuws\/opleiding-caravantechnicus-opleiding-caravanwand-schade-specialist\/","url":"https:\/\/caravanrepair.eu\/caravanrepair-nieuws\/opleiding-caravantechnicus-opleiding-caravanwand-schade-specialist\/","name":"Szkolenie technika przyczep kempingowych - CaravanRepair\u00ae","isPartOf":{"@id":"https:\/\/caravanrepair.eu\/#website"},"primaryImageOfPage":{"@id":"https:\/\/caravanrepair.eu\/caravanrepair-nieuws\/opleiding-caravantechnicus-opleiding-caravanwand-schade-specialist\/#primaryimage"},"image":{"@id":"https:\/\/caravanrepair.eu\/caravanrepair-nieuws\/opleiding-caravantechnicus-opleiding-caravanwand-schade-specialist\/#primaryimage"},"thumbnailUrl":"https:\/\/caravanrepair.eu\/wp-content\/uploads\/2026\/06\/cr-blog-opleiding-caravantechnicus-opleiding-caravanwand-schade-specialist-featured-1-20260627.webp","datePublished":"2019-03-21T11:32:32+00:00","dateModified":"2026-06-29T16:45:49+00:00","description":"Szkolenie na technika caravanu i specjalist\u0119 od napraw szk\u00f3d w \u015bcianach przy CaravanRepair\u00ae: praktyczna nauka naprawy \u015bcian w przyczepach kempingowych i kamperach.","breadcrumb":{"@id":"https:\/\/caravanrepair.eu\/caravanrepair-nieuws\/opleiding-caravantechnicus-opleiding-caravanwand-schade-specialist\/#breadcrumb"},"inLanguage":"pl-PL","potentialAction":[{"@type":"ReadAction","target":["https:\/\/caravanrepair.eu\/caravanrepair-nieuws\/opleiding-caravantechnicus-opleiding-caravanwand-schade-specialist\/"]}]},{"@type":"ImageObject","inLanguage":"pl-PL","@id":"https:\/\/caravanrepair.eu\/caravanrepair-nieuws\/opleiding-caravantechnicus-opleiding-caravanwand-schade-specialist\/#primaryimage","url":"https:\/\/caravanrepair.eu\/wp-content\/uploads\/2026\/06\/cr-blog-opleiding-caravantechnicus-opleiding-caravanwand-schade-specialist-featured-1-20260627.webp","contentUrl":"https:\/\/caravanrepair.eu\/wp-content\/uploads\/2026\/06\/cr-blog-opleiding-caravantechnicus-opleiding-caravanwand-schade-specialist-featured-1-20260627.webp","width":1200,"height":415,"caption":"Opleiding caravantechnicus bij CaravanRepair"},{"@type":"BreadcrumbList","@id":"https:\/\/caravanrepair.eu\/caravanrepair-nieuws\/opleiding-caravantechnicus-opleiding-caravanwand-schade-specialist\/#breadcrumb","itemListElement":[{"@type":"ListItem","position":1,"name":"Home","item":"https:\/\/caravanrepair.eu\/"},{"@type":"ListItem","position":2,"name":"CaravanRepair Nieuws","item":"https:\/\/caravanrepair.eu\/category\/caravanrepair-nieuws\/"},{"@type":"ListItem","position":3,"name":"Opleiding Caravantechnicus"}]},{"@type":"WebSite","@id":"https:\/\/caravanrepair.eu\/#website","url":"https:\/\/caravanrepair.eu\/","name":"CaravanRepair\u00ae","description":"Profesjonalna naprawa uszkodze\u0144 przyczep kempingowych i kamper\u00f3w","publisher":{"@id":"https:\/\/caravanrepair.eu\/#organization"},"potentialAction":[{"@type":"SearchAction","target":{"@type":"EntryPoint","urlTemplate":"https:\/\/caravanrepair.eu\/?s={search_term_string}"},"query-input":{"@type":"PropertyValueSpecification","valueRequired":true,"valueName":"search_term_string"}}],"inLanguage":"pl-PL"},{"@type":"Organization","@id":"https:\/\/caravanrepair.eu\/#organization","name":"CaravanRepair\u00ae","url":"https:\/\/caravanrepair.eu\/","logo":{"@type":"ImageObject","inLanguage":"pl-PL","@id":"https:\/\/caravanrepair.eu\/#\/schema\/logo\/image\/","url":"https:\/\/caravanrepair.eu\/wp-content\/uploads\/2019\/01\/logo-caravanrepair.png","contentUrl":"https:\/\/caravanrepair.eu\/wp-content\/uploads\/2019\/01\/logo-caravanrepair.png","width":353,"height":150,"caption":"CaravanRepair\u00ae"},"image":{"@id":"https:\/\/caravanrepair.eu\/#\/schema\/logo\/image\/"}},{"@type":"Person","@id":"https:\/\/caravanrepair.eu\/#\/schema\/person\/f7286bf089d31db6ca7e7c603f856cf3","name":"rudzik"}]}},"_links":{"self":[{"href":"https:\/\/caravanrepair.eu\/pl\/wp-json\/wp\/v2\/posts\/27804","targetHints":{"allow":["GET"]}}],"collection":[{"href":"https:\/\/caravanrepair.eu\/pl\/wp-json\/wp\/v2\/posts"}],"about":[{"href":"https:\/\/caravanrepair.eu\/pl\/wp-json\/wp\/v2\/types\/post"}],"author":[{"embeddable":true,"href":"https:\/\/caravanrepair.eu\/pl\/wp-json\/wp\/v2\/users\/5"}],"replies":[{"embeddable":true,"href":"https:\/\/caravanrepair.eu\/pl\/wp-json\/wp\/v2\/comments?post=27804"}],"version-history":[{"count":5,"href":"https:\/\/caravanrepair.eu\/pl\/wp-json\/wp\/v2\/posts\/27804\/revisions"}],"predecessor-version":[{"id":28081,"href":"https:\/\/caravanrepair.eu\/pl\/wp-json\/wp\/v2\/posts\/27804\/revisions\/28081"}],"wp:featuredmedia":[{"embeddable":true,"href":"https:\/\/caravanrepair.eu\/pl\/wp-json\/wp\/v2\/media\/27819"}],"wp:attachment":[{"href":"https:\/\/caravanrepair.eu\/pl\/wp-json\/wp\/v2\/media?parent=27804"}],"wp:term":[{"taxonomy":"category","embeddable":true,"href":"https:\/\/caravanrepair.eu\/pl\/wp-json\/wp\/v2\/categories?post=27804"},{"taxonomy":"post_tag","embeddable":true,"href":"https:\/\/caravanrepair.eu\/pl\/wp-json\/wp\/v2\/tags?post=27804"}],"curies":[{"name":"wp","href":"https:\/\/api.w.org\/{rel}","templated":true}]}}